{"id":43754,"date":"2026-09-04T17:18:00","date_gmt":"2026-09-04T18:18:00","guid":{"rendered":"https:\/\/tva.cv\/?p=43754"},"modified":"2026-09-04T17:21:42","modified_gmt":"2026-09-04T18:21:42","slug":"eleicoes-internas-do-mpd-militantes-escolhem-novo-lider-do-partido","status":"publish","type":"post","link":"https:\/\/tva.cv\/index.php\/2026\/09\/04\/eleicoes-internas-do-mpd-militantes-escolhem-novo-lider-do-partido\/","title":{"rendered":"Elei\u00e7\u00f5es Internas do MPD: Militantes escolhem novo l\u00edder do partido."},"content":{"rendered":"<p><iframe width=\"560\" height=\"315\" src=\"https:\/\/www.youtube.com\/embed\/7p-AdJ9MWZA?si=G94kRF3cviLEG5zQ\" title=\"YouTube video player\" frameborder=\"0\" allow=\"accelerometer; autoplay; clipboard-write; encrypted-media; gyroscope; picture-in-picture; web-share\" referrerpolicy=\"strict-origin-when-cross-origin\" allowfullscreen><\/iframe><br \/>\nH\u00e1 pouco mais de tr\u00eas meses, o MPD deixou o Governo depois de dez anos no poder. No domingo, 6 de setembro, os seus militantes decidem quem ter\u00e1 a tarefa de liderar o partido e tentar devolv\u00ea-lo ao poder. Tr\u00eas Homens, tr\u00eas percursos e tr\u00eas propostas disputam a sucess\u00e3o de Ulisses Correia e Silva: Paulo Veiga surge com um discurso muito centrado na reorganiza\u00e7\u00e3o do partido, regresso \u00e0s bases e conquista de uma nova gera\u00e7\u00e3o, Herm\u00e9nio Fernandes, conhecido por \u201cMeno\u201d, traz sobretudo o perfil aut\u00e1rquico e de proximidade territorial e Lu\u00eds Filipe Tavares apresenta o perfil de maior experi\u00eancia na estrutura partid\u00e1ria e governativa.<\/p>\n","protected":false},"excerpt":{"rendered":"<p>H\u00e1 pouco mais de tr\u00eas meses, o MPD deixou o Governo depois de dez anos no poder. No domingo, 6 de setembro, os seus militantes decidem quem ter\u00e1 a tarefa de liderar o partido e tentar devolv\u00ea-lo ao poder. Tr\u00eas Homens, tr\u00eas percursos e tr\u00eas propostas disputam a sucess\u00e3o de Ulisses Correia e Silva: Paulo Veiga surge com um discurso muito centrado na reorganiza\u00e7\u00e3o do partido, regresso \u00e0s bases e conquista de uma nova gera\u00e7\u00e3o, Herm\u00e9nio Fernandes, conhecido por \u201cMeno\u201d, traz sobretudo o perfil aut\u00e1rquico e de proximidade territorial e Lu\u00eds Filipe Tavares apresenta o perfil de maior experi\u00eancia na [&hellip;]<\/p>\n","protected":false},"author":2,"featured_media":43755,"comment_status":"open","ping_status":"open","sticky":false,"template":"","format":"standard","meta":{"om_disable_all_campaigns":false,"_monsterinsights_skip_tracking":false},"categories":[557],"tags":[586],"aioseo_notices":[],"_links":{"self":[{"href":"https:\/\/tva.cv\/index.php\/wp-json\/wp\/v2\/posts\/43754"}],"collection":[{"href":"https:\/\/tva.cv\/index.php\/wp-json\/wp\/v2\/posts"}],"about":[{"href":"https:\/\/tva.cv\/index.php\/wp-json\/wp\/v2\/types\/post"}],"author":[{"embeddable":true,"href":"https:\/\/tva.cv\/index.php\/wp-json\/wp\/v2\/users\/2"}],"replies":[{"embeddable":true,"href":"https:\/\/tva.cv\/index.php\/wp-json\/wp\/v2\/comments?post=43754"}],"version-history":[{"count":2,"href":"https:\/\/tva.cv\/index.php\/wp-json\/wp\/v2\/posts\/43754\/revisions"}],"predecessor-version":[{"id":43757,"href":"https:\/\/tva.cv\/index.php\/wp-json\/wp\/v2\/posts\/43754\/revisions\/43757"}],"wp:featuredmedia":[{"embeddable":true,"href":"https:\/\/tva.cv\/index.php\/wp-json\/wp\/v2\/media\/43755"}],"wp:attachment":[{"href":"https:\/\/tva.cv\/index.php\/wp-json\/wp\/v2\/media?parent=43754"}],"wp:term":[{"taxonomy":"category","embeddable":true,"href":"https:\/\/tva.cv\/index.php\/wp-json\/wp\/v2\/categories?post=43754"},{"taxonomy":"post_tag","embeddable":true,"href":"https:\/\/tva.cv\/index.php\/wp-json\/wp\/v2\/tags?post=43754"}],"curies":[{"name":"wp","href":"https:\/\/api.w.org\/{rel}","templated":true}]}}