{"id":43744,"date":"2026-09-04T09:32:43","date_gmt":"2026-09-04T10:32:43","guid":{"rendered":"https:\/\/tva.cv\/?p=43744"},"modified":"2026-09-04T09:32:43","modified_gmt":"2026-09-04T10:32:43","slug":"associacao-de-pescadores-manifesta-preocupacao-com-aumento-de-preco-dos-combustiveis","status":"publish","type":"post","link":"https:\/\/tva.cv\/index.php\/2026\/09\/04\/associacao-de-pescadores-manifesta-preocupacao-com-aumento-de-preco-dos-combustiveis\/","title":{"rendered":"Associa\u00e7\u00e3o de pescadores manifesta preocupa\u00e7\u00e3o com aumento de pre\u00e7o dos combust\u00edveis."},"content":{"rendered":"<p><iframe width=\"560\" height=\"315\" src=\"https:\/\/www.youtube.com\/embed\/4VnNh1aXyNA?si=577d8iY44ih3I0Ys\" title=\"YouTube video player\" frameborder=\"0\" allow=\"accelerometer; autoplay; clipboard-write; encrypted-media; gyroscope; picture-in-picture; web-share\" referrerpolicy=\"strict-origin-when-cross-origin\" allowfullscreen><\/iframe><br \/>\nA Associa\u00e7\u00e3o dos Pescadores do Porto Novo, em Santo Ant\u00e3o, manifestou esta quinta feira, a sua \u201cprofunda preocupa\u00e7\u00e3o\u201d face ao \u201caumento cont\u00ednuo e acentuado\u201d dos pre\u00e7os dos combust\u00edveis, e defende \u201cmedidas concretas de conten\u00e7\u00e3o, com car\u00e1cter de urg\u00eancia\u201d.<\/p>\n","protected":false},"excerpt":{"rendered":"<p>A Associa\u00e7\u00e3o dos Pescadores do Porto Novo, em Santo Ant\u00e3o, manifestou esta quinta feira, a sua \u201cprofunda preocupa\u00e7\u00e3o\u201d face ao \u201caumento cont\u00ednuo e acentuado\u201d dos pre\u00e7os dos combust\u00edveis, e defende \u201cmedidas concretas de conten\u00e7\u00e3o, com car\u00e1cter de urg\u00eancia\u201d.<\/p>\n","protected":false},"author":2,"featured_media":43745,"comment_status":"open","ping_status":"open","sticky":false,"template":"","format":"standard","meta":{"om_disable_all_campaigns":false,"_monsterinsights_skip_tracking":false},"categories":[558],"tags":[586],"aioseo_notices":[],"_links":{"self":[{"href":"https:\/\/tva.cv\/index.php\/wp-json\/wp\/v2\/posts\/43744"}],"collection":[{"href":"https:\/\/tva.cv\/index.php\/wp-json\/wp\/v2\/posts"}],"about":[{"href":"https:\/\/tva.cv\/index.php\/wp-json\/wp\/v2\/types\/post"}],"author":[{"embeddable":true,"href":"https:\/\/tva.cv\/index.php\/wp-json\/wp\/v2\/users\/2"}],"replies":[{"embeddable":true,"href":"https:\/\/tva.cv\/index.php\/wp-json\/wp\/v2\/comments?post=43744"}],"version-history":[{"count":1,"href":"https:\/\/tva.cv\/index.php\/wp-json\/wp\/v2\/posts\/43744\/revisions"}],"predecessor-version":[{"id":43746,"href":"https:\/\/tva.cv\/index.php\/wp-json\/wp\/v2\/posts\/43744\/revisions\/43746"}],"wp:featuredmedia":[{"embeddable":true,"href":"https:\/\/tva.cv\/index.php\/wp-json\/wp\/v2\/media\/43745"}],"wp:attachment":[{"href":"https:\/\/tva.cv\/index.php\/wp-json\/wp\/v2\/media?parent=43744"}],"wp:term":[{"taxonomy":"category","embeddable":true,"href":"https:\/\/tva.cv\/index.php\/wp-json\/wp\/v2\/categories?post=43744"},{"taxonomy":"post_tag","embeddable":true,"href":"https:\/\/tva.cv\/index.php\/wp-json\/wp\/v2\/tags?post=43744"}],"curies":[{"name":"wp","href":"https:\/\/api.w.org\/{rel}","templated":true}]}}