{"id":43741,"date":"2026-09-04T09:30:51","date_gmt":"2026-09-04T10:30:51","guid":{"rendered":"https:\/\/tva.cv\/?p=43741"},"modified":"2026-09-04T09:30:51","modified_gmt":"2026-09-04T10:30:51","slug":"igreja-dos-santos-dos-ultimos-dias-quer-reforcar-apoio-ao-sector-da-saude","status":"publish","type":"post","link":"https:\/\/tva.cv\/index.php\/2026\/09\/04\/igreja-dos-santos-dos-ultimos-dias-quer-reforcar-apoio-ao-sector-da-saude\/","title":{"rendered":"Igreja dos Santos dos \u00daltimos Dias quer refor\u00e7ar apoio ao sector da Sa\u00fade."},"content":{"rendered":"<p><iframe width=\"560\" height=\"315\" src=\"https:\/\/www.youtube.com\/embed\/dpJjRwyiXYo?si=LwKs02gcoR4dOfQV\" title=\"YouTube video player\" frameborder=\"0\" allow=\"accelerometer; autoplay; clipboard-write; encrypted-media; gyroscope; picture-in-picture; web-share\" referrerpolicy=\"strict-origin-when-cross-origin\" allowfullscreen><\/iframe><br \/>\nA Igreja de Jesus Cristo dos Santos dos \u00daltimos Dias reuniu-se, esta quinta-feira, 3 de setembro, com o secret\u00e1rio de Estado da Sa\u00fade, Artur Veiga, para avaliar a coopera\u00e7\u00e3o desenvolvida ao longo dos \u00faltimos anos e conhecer as prioridades do novo Governo para o sector. A melhoria dos equipamentos hospitalares, a forma\u00e7\u00e3o de especialistas e as evacua\u00e7\u00f5es m\u00e9dicas estiveram entre os assuntos abordados.<\/p>\n","protected":false},"excerpt":{"rendered":"<p>A Igreja de Jesus Cristo dos Santos dos \u00daltimos Dias reuniu-se, esta quinta-feira, 3 de setembro, com o secret\u00e1rio de Estado da Sa\u00fade, Artur Veiga, para avaliar a coopera\u00e7\u00e3o desenvolvida ao longo dos \u00faltimos anos e conhecer as prioridades do novo Governo para o sector. A melhoria dos equipamentos hospitalares, a forma\u00e7\u00e3o de especialistas e as evacua\u00e7\u00f5es m\u00e9dicas estiveram entre os assuntos abordados.<\/p>\n","protected":false},"author":2,"featured_media":43742,"comment_status":"open","ping_status":"open","sticky":false,"template":"","format":"standard","meta":{"om_disable_all_campaigns":false,"_monsterinsights_skip_tracking":false},"categories":[560],"tags":[586],"aioseo_notices":[],"_links":{"self":[{"href":"https:\/\/tva.cv\/index.php\/wp-json\/wp\/v2\/posts\/43741"}],"collection":[{"href":"https:\/\/tva.cv\/index.php\/wp-json\/wp\/v2\/posts"}],"about":[{"href":"https:\/\/tva.cv\/index.php\/wp-json\/wp\/v2\/types\/post"}],"author":[{"embeddable":true,"href":"https:\/\/tva.cv\/index.php\/wp-json\/wp\/v2\/users\/2"}],"replies":[{"embeddable":true,"href":"https:\/\/tva.cv\/index.php\/wp-json\/wp\/v2\/comments?post=43741"}],"version-history":[{"count":1,"href":"https:\/\/tva.cv\/index.php\/wp-json\/wp\/v2\/posts\/43741\/revisions"}],"predecessor-version":[{"id":43743,"href":"https:\/\/tva.cv\/index.php\/wp-json\/wp\/v2\/posts\/43741\/revisions\/43743"}],"wp:featuredmedia":[{"embeddable":true,"href":"https:\/\/tva.cv\/index.php\/wp-json\/wp\/v2\/media\/43742"}],"wp:attachment":[{"href":"https:\/\/tva.cv\/index.php\/wp-json\/wp\/v2\/media?parent=43741"}],"wp:term":[{"taxonomy":"category","embeddable":true,"href":"https:\/\/tva.cv\/index.php\/wp-json\/wp\/v2\/categories?post=43741"},{"taxonomy":"post_tag","embeddable":true,"href":"https:\/\/tva.cv\/index.php\/wp-json\/wp\/v2\/tags?post=43741"}],"curies":[{"name":"wp","href":"https:\/\/api.w.org\/{rel}","templated":true}]}}