{"id":43736,"date":"2026-09-02T16:22:08","date_gmt":"2026-09-02T17:22:08","guid":{"rendered":"https:\/\/tva.cv\/?p=43736"},"modified":"2026-09-02T16:22:08","modified_gmt":"2026-09-02T17:22:08","slug":"tarifa-de-eletricidade-mantem-ate-31-de-dezembro-com-medidas-de-mitigacao-do-governo","status":"publish","type":"post","link":"https:\/\/tva.cv\/index.php\/2026\/09\/02\/tarifa-de-eletricidade-mantem-ate-31-de-dezembro-com-medidas-de-mitigacao-do-governo\/","title":{"rendered":"Tarifa de eletricidade mant\u00e9m at\u00e9 31 de dezembro com medidas de mitiga\u00e7\u00e3o do governo."},"content":{"rendered":"<p><iframe width=\"560\" height=\"315\" src=\"https:\/\/www.youtube.com\/embed\/kzMfOuAwYTo?si=5bvvhnewObTxGw-t\" title=\"YouTube video player\" frameborder=\"0\" allow=\"accelerometer; autoplay; clipboard-write; encrypted-media; gyroscope; picture-in-picture; web-share\" referrerpolicy=\"strict-origin-when-cross-origin\" allowfullscreen><\/iframe><br \/>\nA Ag\u00eancia Reguladora Multissetorial da Economia informa os consumidores e o p\u00fablico em geral que os benefici\u00e1rios da Tarifa Social de Eletricidade continuar\u00e3o a beneficiar, at\u00e9 31 de dezembro do corrente ano, na sequ\u00eancia das medidas de mitiga\u00e7\u00e3o adotadas pelo governo.<\/p>\n","protected":false},"excerpt":{"rendered":"<p>A Ag\u00eancia Reguladora Multissetorial da Economia informa os consumidores e o p\u00fablico em geral que os benefici\u00e1rios da Tarifa Social de Eletricidade continuar\u00e3o a beneficiar, at\u00e9 31 de dezembro do corrente ano, na sequ\u00eancia das medidas de mitiga\u00e7\u00e3o adotadas pelo governo.<\/p>\n","protected":false},"author":2,"featured_media":43737,"comment_status":"open","ping_status":"open","sticky":false,"template":"","format":"standard","meta":{"om_disable_all_campaigns":false,"_monsterinsights_skip_tracking":false},"categories":[558],"tags":[586],"aioseo_notices":[],"_links":{"self":[{"href":"https:\/\/tva.cv\/index.php\/wp-json\/wp\/v2\/posts\/43736"}],"collection":[{"href":"https:\/\/tva.cv\/index.php\/wp-json\/wp\/v2\/posts"}],"about":[{"href":"https:\/\/tva.cv\/index.php\/wp-json\/wp\/v2\/types\/post"}],"author":[{"embeddable":true,"href":"https:\/\/tva.cv\/index.php\/wp-json\/wp\/v2\/users\/2"}],"replies":[{"embeddable":true,"href":"https:\/\/tva.cv\/index.php\/wp-json\/wp\/v2\/comments?post=43736"}],"version-history":[{"count":1,"href":"https:\/\/tva.cv\/index.php\/wp-json\/wp\/v2\/posts\/43736\/revisions"}],"predecessor-version":[{"id":43738,"href":"https:\/\/tva.cv\/index.php\/wp-json\/wp\/v2\/posts\/43736\/revisions\/43738"}],"wp:featuredmedia":[{"embeddable":true,"href":"https:\/\/tva.cv\/index.php\/wp-json\/wp\/v2\/media\/43737"}],"wp:attachment":[{"href":"https:\/\/tva.cv\/index.php\/wp-json\/wp\/v2\/media?parent=43736"}],"wp:term":[{"taxonomy":"category","embeddable":true,"href":"https:\/\/tva.cv\/index.php\/wp-json\/wp\/v2\/categories?post=43736"},{"taxonomy":"post_tag","embeddable":true,"href":"https:\/\/tva.cv\/index.php\/wp-json\/wp\/v2\/tags?post=43736"}],"curies":[{"name":"wp","href":"https:\/\/api.w.org\/{rel}","templated":true}]}}