{"id":43727,"date":"2026-09-02T16:11:21","date_gmt":"2026-09-02T17:11:21","guid":{"rendered":"https:\/\/tva.cv\/?p=43727"},"modified":"2026-09-02T16:11:21","modified_gmt":"2026-09-02T17:11:21","slug":"uni-cv-aposta-na-formacao-e-investigacao-para-despertar-vocacoes-nas-areas-de-matematica","status":"publish","type":"post","link":"https:\/\/tva.cv\/index.php\/2026\/09\/02\/uni-cv-aposta-na-formacao-e-investigacao-para-despertar-vocacoes-nas-areas-de-matematica\/","title":{"rendered":"Uni-CV aposta na forma\u00e7\u00e3o e investiga\u00e7\u00e3o para despertar voca\u00e7\u00f5es nas \u00e1reas de Matem\u00e1tica."},"content":{"rendered":"<p><iframe width=\"560\" height=\"315\" src=\"https:\/\/www.youtube.com\/embed\/zwslFemCKYE?si=jE9sDHRK6vK-IpE7\" title=\"YouTube video player\" frameborder=\"0\" allow=\"accelerometer; autoplay; clipboard-write; encrypted-media; gyroscope; picture-in-picture; web-share\" referrerpolicy=\"strict-origin-when-cross-origin\" allowfullscreen><\/iframe><br \/>\nDespertar o interesse pela Matem\u00e1tica e aproximar os jovens da investiga\u00e7\u00e3o cient\u00edfica \u00e9 o prop\u00f3sito das Jornadas das Voca\u00e7\u00f5es para a Matem\u00e1tica, que decorrem na Universidade de Cabo Verde. A iniciativa procura responder tamb\u00e9m \u00e0 necessidade de formar mais quadros numa \u00e1rea considerada essencial para o desenvolvimento do pa\u00eds, mas que enfrenta igualmente um d\u00e9fice de professores no ensino.<\/p>\n","protected":false},"excerpt":{"rendered":"<p>Despertar o interesse pela Matem\u00e1tica e aproximar os jovens da investiga\u00e7\u00e3o cient\u00edfica \u00e9 o prop\u00f3sito das Jornadas das Voca\u00e7\u00f5es para a Matem\u00e1tica, que decorrem na Universidade de Cabo Verde. A iniciativa procura responder tamb\u00e9m \u00e0 necessidade de formar mais quadros numa \u00e1rea considerada essencial para o desenvolvimento do pa\u00eds, mas que enfrenta igualmente um d\u00e9fice de professores no ensino.<\/p>\n","protected":false},"author":2,"featured_media":43728,"comment_status":"open","ping_status":"open","sticky":false,"template":"","format":"standard","meta":{"om_disable_all_campaigns":false,"_monsterinsights_skip_tracking":false},"categories":[561],"tags":[586],"aioseo_notices":[],"_links":{"self":[{"href":"https:\/\/tva.cv\/index.php\/wp-json\/wp\/v2\/posts\/43727"}],"collection":[{"href":"https:\/\/tva.cv\/index.php\/wp-json\/wp\/v2\/posts"}],"about":[{"href":"https:\/\/tva.cv\/index.php\/wp-json\/wp\/v2\/types\/post"}],"author":[{"embeddable":true,"href":"https:\/\/tva.cv\/index.php\/wp-json\/wp\/v2\/users\/2"}],"replies":[{"embeddable":true,"href":"https:\/\/tva.cv\/index.php\/wp-json\/wp\/v2\/comments?post=43727"}],"version-history":[{"count":1,"href":"https:\/\/tva.cv\/index.php\/wp-json\/wp\/v2\/posts\/43727\/revisions"}],"predecessor-version":[{"id":43729,"href":"https:\/\/tva.cv\/index.php\/wp-json\/wp\/v2\/posts\/43727\/revisions\/43729"}],"wp:featuredmedia":[{"embeddable":true,"href":"https:\/\/tva.cv\/index.php\/wp-json\/wp\/v2\/media\/43728"}],"wp:attachment":[{"href":"https:\/\/tva.cv\/index.php\/wp-json\/wp\/v2\/media?parent=43727"}],"wp:term":[{"taxonomy":"category","embeddable":true,"href":"https:\/\/tva.cv\/index.php\/wp-json\/wp\/v2\/categories?post=43727"},{"taxonomy":"post_tag","embeddable":true,"href":"https:\/\/tva.cv\/index.php\/wp-json\/wp\/v2\/tags?post=43727"}],"curies":[{"name":"wp","href":"https:\/\/api.w.org\/{rel}","templated":true}]}}