{"id":43724,"date":"2026-09-02T16:04:36","date_gmt":"2026-09-02T17:04:36","guid":{"rendered":"https:\/\/tva.cv\/?p=43724"},"modified":"2026-09-02T16:04:36","modified_gmt":"2026-09-02T17:04:36","slug":"cabo-verde-registra-164-casos-de-covid-19","status":"publish","type":"post","link":"https:\/\/tva.cv\/index.php\/2026\/09\/02\/cabo-verde-registra-164-casos-de-covid-19\/","title":{"rendered":"Cabo Verde registra 164 casos de COVID-19."},"content":{"rendered":"<p><iframe width=\"560\" height=\"315\" src=\"https:\/\/www.youtube.com\/embed\/Mkt3ul_riWA?si=kFEgx1T27awo048j\" title=\"YouTube video player\" frameborder=\"0\" allow=\"accelerometer; autoplay; clipboard-write; encrypted-media; gyroscope; picture-in-picture; web-share\" referrerpolicy=\"strict-origin-when-cross-origin\" allowfullscreen><\/iframe><br \/>\nO instituto nacional de sa\u00fade p\u00fablica alerta para um aumento de casos de covid 19 em Cabo Verde nas \u00faltimas semanas. Segundo os dados da vigil\u00e2ncia epidemiol\u00f3gica, foram diagnosticados 164 casos, com maior concentra\u00e7\u00e3o na ilha de Santiago.<\/p>\n","protected":false},"excerpt":{"rendered":"<p>O instituto nacional de sa\u00fade p\u00fablica alerta para um aumento de casos de covid 19 em Cabo Verde nas \u00faltimas semanas. Segundo os dados da vigil\u00e2ncia epidemiol\u00f3gica, foram diagnosticados 164 casos, com maior concentra\u00e7\u00e3o na ilha de Santiago.<\/p>\n","protected":false},"author":2,"featured_media":43725,"comment_status":"open","ping_status":"open","sticky":false,"template":"","format":"standard","meta":{"om_disable_all_campaigns":false,"_monsterinsights_skip_tracking":false},"categories":[560],"tags":[586],"aioseo_notices":[],"_links":{"self":[{"href":"https:\/\/tva.cv\/index.php\/wp-json\/wp\/v2\/posts\/43724"}],"collection":[{"href":"https:\/\/tva.cv\/index.php\/wp-json\/wp\/v2\/posts"}],"about":[{"href":"https:\/\/tva.cv\/index.php\/wp-json\/wp\/v2\/types\/post"}],"author":[{"embeddable":true,"href":"https:\/\/tva.cv\/index.php\/wp-json\/wp\/v2\/users\/2"}],"replies":[{"embeddable":true,"href":"https:\/\/tva.cv\/index.php\/wp-json\/wp\/v2\/comments?post=43724"}],"version-history":[{"count":1,"href":"https:\/\/tva.cv\/index.php\/wp-json\/wp\/v2\/posts\/43724\/revisions"}],"predecessor-version":[{"id":43726,"href":"https:\/\/tva.cv\/index.php\/wp-json\/wp\/v2\/posts\/43724\/revisions\/43726"}],"wp:featuredmedia":[{"embeddable":true,"href":"https:\/\/tva.cv\/index.php\/wp-json\/wp\/v2\/media\/43725"}],"wp:attachment":[{"href":"https:\/\/tva.cv\/index.php\/wp-json\/wp\/v2\/media?parent=43724"}],"wp:term":[{"taxonomy":"category","embeddable":true,"href":"https:\/\/tva.cv\/index.php\/wp-json\/wp\/v2\/categories?post=43724"},{"taxonomy":"post_tag","embeddable":true,"href":"https:\/\/tva.cv\/index.php\/wp-json\/wp\/v2\/tags?post=43724"}],"curies":[{"name":"wp","href":"https:\/\/api.w.org\/{rel}","templated":true}]}}