{"id":43720,"date":"2026-09-01T16:29:16","date_gmt":"2026-09-01T17:29:16","guid":{"rendered":"https:\/\/tva.cv\/?p=43720"},"modified":"2026-09-01T16:29:16","modified_gmt":"2026-09-01T17:29:16","slug":"sindicato-ameaca-avancar-para-greve-dos-enfermeiros-e-exige-solucao-para-nadadores-salvadores","status":"publish","type":"post","link":"https:\/\/tva.cv\/index.php\/2026\/09\/01\/sindicato-ameaca-avancar-para-greve-dos-enfermeiros-e-exige-solucao-para-nadadores-salvadores\/","title":{"rendered":"Sindicato amea\u00e7a avan\u00e7ar para greve dos enfermeiros e exige solu\u00e7\u00e3o para nadadores-salvadores."},"content":{"rendered":"<p><iframe width=\"560\" height=\"315\" src=\"https:\/\/www.youtube.com\/embed\/DBEzIG-zUX0?si=Cbdq6CGFM72KfEVY\" title=\"YouTube video player\" frameborder=\"0\" allow=\"accelerometer; autoplay; clipboard-write; encrypted-media; gyroscope; picture-in-picture; web-share\" referrerpolicy=\"strict-origin-when-cross-origin\" allowfullscreen><\/iframe><br \/>\nO SIACSA d\u00e1 tr\u00eas dias ao Minist\u00e9rio da Sa\u00fade para responder \u00e0s reivindica\u00e7\u00f5es dos enfermeiros, sob pena de avan\u00e7ar com um pr\u00e9-aviso de greve. O sindicato denuncia d\u00edvidas relacionadas com horas extraordin\u00e1rias, subs\u00eddio de risco e descanso semanal obrigat\u00f3rio. Em paralelo, exige esclarecimentos sobre a situa\u00e7\u00e3o laboral dos nadadores-salvadores.<\/p>\n","protected":false},"excerpt":{"rendered":"<p>O SIACSA d\u00e1 tr\u00eas dias ao Minist\u00e9rio da Sa\u00fade para responder \u00e0s reivindica\u00e7\u00f5es dos enfermeiros, sob pena de avan\u00e7ar com um pr\u00e9-aviso de greve. O sindicato denuncia d\u00edvidas relacionadas com horas extraordin\u00e1rias, subs\u00eddio de risco e descanso semanal obrigat\u00f3rio. Em paralelo, exige esclarecimentos sobre a situa\u00e7\u00e3o laboral dos nadadores-salvadores.<\/p>\n","protected":false},"author":2,"featured_media":43721,"comment_status":"open","ping_status":"open","sticky":false,"template":"","format":"standard","meta":{"om_disable_all_campaigns":false,"_monsterinsights_skip_tracking":false},"categories":[602],"tags":[586],"aioseo_notices":[],"_links":{"self":[{"href":"https:\/\/tva.cv\/index.php\/wp-json\/wp\/v2\/posts\/43720"}],"collection":[{"href":"https:\/\/tva.cv\/index.php\/wp-json\/wp\/v2\/posts"}],"about":[{"href":"https:\/\/tva.cv\/index.php\/wp-json\/wp\/v2\/types\/post"}],"author":[{"embeddable":true,"href":"https:\/\/tva.cv\/index.php\/wp-json\/wp\/v2\/users\/2"}],"replies":[{"embeddable":true,"href":"https:\/\/tva.cv\/index.php\/wp-json\/wp\/v2\/comments?post=43720"}],"version-history":[{"count":1,"href":"https:\/\/tva.cv\/index.php\/wp-json\/wp\/v2\/posts\/43720\/revisions"}],"predecessor-version":[{"id":43722,"href":"https:\/\/tva.cv\/index.php\/wp-json\/wp\/v2\/posts\/43720\/revisions\/43722"}],"wp:featuredmedia":[{"embeddable":true,"href":"https:\/\/tva.cv\/index.php\/wp-json\/wp\/v2\/media\/43721"}],"wp:attachment":[{"href":"https:\/\/tva.cv\/index.php\/wp-json\/wp\/v2\/media?parent=43720"}],"wp:term":[{"taxonomy":"category","embeddable":true,"href":"https:\/\/tva.cv\/index.php\/wp-json\/wp\/v2\/categories?post=43720"},{"taxonomy":"post_tag","embeddable":true,"href":"https:\/\/tva.cv\/index.php\/wp-json\/wp\/v2\/tags?post=43720"}],"curies":[{"name":"wp","href":"https:\/\/api.w.org\/{rel}","templated":true}]}}