{"id":42740,"date":"2026-04-30T17:19:22","date_gmt":"2026-04-30T18:19:22","guid":{"rendered":"https:\/\/tva.cv\/?p=42740"},"modified":"2026-04-30T17:19:22","modified_gmt":"2026-04-30T18:19:22","slug":"dia-dos-trabalhadores-trabalhadores-destacam-desafios-e-apelam-a-melhores-condicoes-laborais","status":"publish","type":"post","link":"https:\/\/tva.cv\/index.php\/2026\/04\/30\/dia-dos-trabalhadores-trabalhadores-destacam-desafios-e-apelam-a-melhores-condicoes-laborais\/","title":{"rendered":"Dia dos Trabalhadores: Trabalhadores destacam desafios e apelam a melhores condi\u00e7\u00f5es laborais."},"content":{"rendered":"<p><iframe width=\"560\" height=\"315\" src=\"https:\/\/www.youtube.com\/embed\/g_-XXrJmVYY?si=jJgf_9_5JgzqV307\" title=\"YouTube video player\" frameborder=\"0\" allow=\"accelerometer; autoplay; clipboard-write; encrypted-media; gyroscope; picture-in-picture; web-share\" referrerpolicy=\"strict-origin-when-cross-origin\" allowfullscreen><\/iframe><br \/>\nO Dia do Trabalhador, celebrado a 1 de maio em Cabo Verde, assinala a import\u00e2ncia do contributo da classe trabalhadora para o crescimento do pa\u00eds. A data \u00e9 tamb\u00e9m marcada por reflex\u00f5es sobre as condi\u00e7\u00f5es de trabalho, com destaque para os desafios enfrentados diariamente e os apelos \u00e0 melhoria dos sal\u00e1rios e da valoriza\u00e7\u00e3o profissional.<\/p>\n","protected":false},"excerpt":{"rendered":"<p>O Dia do Trabalhador, celebrado a 1 de maio em Cabo Verde, assinala a import\u00e2ncia do contributo da classe trabalhadora para o crescimento do pa\u00eds. A data \u00e9 tamb\u00e9m marcada por reflex\u00f5es sobre as condi\u00e7\u00f5es de trabalho, com destaque para os desafios enfrentados diariamente e os apelos \u00e0 melhoria dos sal\u00e1rios e da valoriza\u00e7\u00e3o profissional.<\/p>\n","protected":false},"author":2,"featured_media":42741,"comment_status":"open","ping_status":"open","sticky":false,"template":"","format":"standard","meta":{"om_disable_all_campaigns":false,"_monsterinsights_skip_tracking":false,"_monsterinsights_sitenote_active":false,"_monsterinsights_sitenote_note":"","_monsterinsights_sitenote_category":0},"categories":[567],"tags":[586],"aioseo_notices":[],"_links":{"self":[{"href":"https:\/\/tva.cv\/index.php\/wp-json\/wp\/v2\/posts\/42740"}],"collection":[{"href":"https:\/\/tva.cv\/index.php\/wp-json\/wp\/v2\/posts"}],"about":[{"href":"https:\/\/tva.cv\/index.php\/wp-json\/wp\/v2\/types\/post"}],"author":[{"embeddable":true,"href":"https:\/\/tva.cv\/index.php\/wp-json\/wp\/v2\/users\/2"}],"replies":[{"embeddable":true,"href":"https:\/\/tva.cv\/index.php\/wp-json\/wp\/v2\/comments?post=42740"}],"version-history":[{"count":1,"href":"https:\/\/tva.cv\/index.php\/wp-json\/wp\/v2\/posts\/42740\/revisions"}],"predecessor-version":[{"id":42742,"href":"https:\/\/tva.cv\/index.php\/wp-json\/wp\/v2\/posts\/42740\/revisions\/42742"}],"wp:featuredmedia":[{"embeddable":true,"href":"https:\/\/tva.cv\/index.php\/wp-json\/wp\/v2\/media\/42741"}],"wp:attachment":[{"href":"https:\/\/tva.cv\/index.php\/wp-json\/wp\/v2\/media?parent=42740"}],"wp:term":[{"taxonomy":"category","embeddable":true,"href":"https:\/\/tva.cv\/index.php\/wp-json\/wp\/v2\/categories?post=42740"},{"taxonomy":"post_tag","embeddable":true,"href":"https:\/\/tva.cv\/index.php\/wp-json\/wp\/v2\/tags?post=42740"}],"curies":[{"name":"wp","href":"https:\/\/api.w.org\/{rel}","templated":true}]}}