{"id":42734,"date":"2026-04-30T17:15:52","date_gmt":"2026-04-30T18:15:52","guid":{"rendered":"https:\/\/tva.cv\/?p=42734"},"modified":"2026-04-30T17:15:52","modified_gmt":"2026-04-30T18:15:52","slug":"praia-assinala-o-168-o-aniversario","status":"publish","type":"post","link":"https:\/\/tva.cv\/index.php\/2026\/04\/30\/praia-assinala-o-168-o-aniversario\/","title":{"rendered":"Praia assinala o 168.\u00ba anivers\u00e1rio"},"content":{"rendered":"<p><iframe width=\"560\" height=\"315\" src=\"https:\/\/www.youtube.com\/embed\/_5YIrR318jQ?si=EOiBm_HRgif6ayrv\" title=\"YouTube video player\" frameborder=\"0\" allow=\"accelerometer; autoplay; clipboard-write; encrypted-media; gyroscope; picture-in-picture; web-share\" referrerpolicy=\"strict-origin-when-cross-origin\" allowfullscreen><\/iframe><br \/>\nA Cidade da Praia celebra 168 anos desde a sua eleva\u00e7\u00e3o \u00e0 categoria de cidade, um marco hist\u00f3rico que remonta a 1858. Mais do que assinalar a data, este \u00e9 tamb\u00e9m um momento de reflex\u00e3o sobre o caminho percorrido, os avan\u00e7os alcan\u00e7ados e os desafios que ainda persistem no dia a dia. Por esse motivo, a nossa equipa de reportagem saiu \u00e0s ruas para ouvir os praienses sobre os progressos, os problemas por resolver para o futuro mais sustent\u00e1vel.<\/p>\n","protected":false},"excerpt":{"rendered":"<p>A Cidade da Praia celebra 168 anos desde a sua eleva\u00e7\u00e3o \u00e0 categoria de cidade, um marco hist\u00f3rico que remonta a 1858. Mais do que assinalar a data, este \u00e9 tamb\u00e9m um momento de reflex\u00e3o sobre o caminho percorrido, os avan\u00e7os alcan\u00e7ados e os desafios que ainda persistem no dia a dia. Por esse motivo, a nossa equipa de reportagem saiu \u00e0s ruas para ouvir os praienses sobre os progressos, os problemas por resolver para o futuro mais sustent\u00e1vel.<\/p>\n","protected":false},"author":2,"featured_media":42735,"comment_status":"open","ping_status":"open","sticky":false,"template":"","format":"standard","meta":{"om_disable_all_campaigns":false,"_monsterinsights_skip_tracking":false,"_monsterinsights_sitenote_active":false,"_monsterinsights_sitenote_note":"","_monsterinsights_sitenote_category":0},"categories":[602],"tags":[586],"aioseo_notices":[],"_links":{"self":[{"href":"https:\/\/tva.cv\/index.php\/wp-json\/wp\/v2\/posts\/42734"}],"collection":[{"href":"https:\/\/tva.cv\/index.php\/wp-json\/wp\/v2\/posts"}],"about":[{"href":"https:\/\/tva.cv\/index.php\/wp-json\/wp\/v2\/types\/post"}],"author":[{"embeddable":true,"href":"https:\/\/tva.cv\/index.php\/wp-json\/wp\/v2\/users\/2"}],"replies":[{"embeddable":true,"href":"https:\/\/tva.cv\/index.php\/wp-json\/wp\/v2\/comments?post=42734"}],"version-history":[{"count":1,"href":"https:\/\/tva.cv\/index.php\/wp-json\/wp\/v2\/posts\/42734\/revisions"}],"predecessor-version":[{"id":42736,"href":"https:\/\/tva.cv\/index.php\/wp-json\/wp\/v2\/posts\/42734\/revisions\/42736"}],"wp:featuredmedia":[{"embeddable":true,"href":"https:\/\/tva.cv\/index.php\/wp-json\/wp\/v2\/media\/42735"}],"wp:attachment":[{"href":"https:\/\/tva.cv\/index.php\/wp-json\/wp\/v2\/media?parent=42734"}],"wp:term":[{"taxonomy":"category","embeddable":true,"href":"https:\/\/tva.cv\/index.php\/wp-json\/wp\/v2\/categories?post=42734"},{"taxonomy":"post_tag","embeddable":true,"href":"https:\/\/tva.cv\/index.php\/wp-json\/wp\/v2\/tags?post=42734"}],"curies":[{"name":"wp","href":"https:\/\/api.w.org\/{rel}","templated":true}]}}