{"id":42723,"date":"2026-04-28T20:16:28","date_gmt":"2026-04-28T21:16:28","guid":{"rendered":"https:\/\/tva.cv\/?p=42723"},"modified":"2026-04-28T20:16:28","modified_gmt":"2026-04-28T21:16:28","slug":"aviacao-civil-governo-formaliza-privatizacao-da-cabo-verde-handling-com-a-swissport","status":"publish","type":"post","link":"https:\/\/tva.cv\/index.php\/2026\/04\/28\/aviacao-civil-governo-formaliza-privatizacao-da-cabo-verde-handling-com-a-swissport\/","title":{"rendered":"Aviacao Civil: Governo formaliza privatiza\u00e7\u00e3o da Cabo Verde Handling com a Swissport."},"content":{"rendered":"<p><iframe width=\"560\" height=\"315\" src=\"https:\/\/www.youtube.com\/embed\/fc6Yt2PSqGU?si=9mafgLVbLhD7negL\" title=\"YouTube video player\" frameborder=\"0\" allow=\"accelerometer; autoplay; clipboard-write; encrypted-media; gyroscope; picture-in-picture; web-share\" referrerpolicy=\"strict-origin-when-cross-origin\" allowfullscreen><\/iframe><br \/>\nO Governo de Cabo Verde formalizou nesta ter\u00e7a-feira, o contrato de compra e venda de a\u00e7\u00f5es da Cabo Verde Handling, qualidade de vendedora, e a Swissport, na qualidade de compradora, um marco que assinala uma nova etapa no processo de moderniza\u00e7\u00e3o, efici\u00eancia e refor\u00e7o da competitividade dos servi\u00e7os de handling no pa\u00eds.<\/p>\n","protected":false},"excerpt":{"rendered":"<p>O Governo de Cabo Verde formalizou nesta ter\u00e7a-feira, o contrato de compra e venda de a\u00e7\u00f5es da Cabo Verde Handling, qualidade de vendedora, e a Swissport, na qualidade de compradora, um marco que assinala uma nova etapa no processo de moderniza\u00e7\u00e3o, efici\u00eancia e refor\u00e7o da competitividade dos servi\u00e7os de handling no pa\u00eds.<\/p>\n","protected":false},"author":2,"featured_media":42724,"comment_status":"open","ping_status":"open","sticky":false,"template":"","format":"standard","meta":{"om_disable_all_campaigns":false,"_monsterinsights_skip_tracking":false,"_monsterinsights_sitenote_active":false,"_monsterinsights_sitenote_note":"","_monsterinsights_sitenote_category":0},"categories":[558],"tags":[586],"aioseo_notices":[],"_links":{"self":[{"href":"https:\/\/tva.cv\/index.php\/wp-json\/wp\/v2\/posts\/42723"}],"collection":[{"href":"https:\/\/tva.cv\/index.php\/wp-json\/wp\/v2\/posts"}],"about":[{"href":"https:\/\/tva.cv\/index.php\/wp-json\/wp\/v2\/types\/post"}],"author":[{"embeddable":true,"href":"https:\/\/tva.cv\/index.php\/wp-json\/wp\/v2\/users\/2"}],"replies":[{"embeddable":true,"href":"https:\/\/tva.cv\/index.php\/wp-json\/wp\/v2\/comments?post=42723"}],"version-history":[{"count":1,"href":"https:\/\/tva.cv\/index.php\/wp-json\/wp\/v2\/posts\/42723\/revisions"}],"predecessor-version":[{"id":42725,"href":"https:\/\/tva.cv\/index.php\/wp-json\/wp\/v2\/posts\/42723\/revisions\/42725"}],"wp:featuredmedia":[{"embeddable":true,"href":"https:\/\/tva.cv\/index.php\/wp-json\/wp\/v2\/media\/42724"}],"wp:attachment":[{"href":"https:\/\/tva.cv\/index.php\/wp-json\/wp\/v2\/media?parent=42723"}],"wp:term":[{"taxonomy":"category","embeddable":true,"href":"https:\/\/tva.cv\/index.php\/wp-json\/wp\/v2\/categories?post=42723"},{"taxonomy":"post_tag","embeddable":true,"href":"https:\/\/tva.cv\/index.php\/wp-json\/wp\/v2\/tags?post=42723"}],"curies":[{"name":"wp","href":"https:\/\/api.w.org\/{rel}","templated":true}]}}