{"id":42720,"date":"2026-04-28T20:12:12","date_gmt":"2026-04-28T21:12:12","guid":{"rendered":"https:\/\/tva.cv\/?p=42720"},"modified":"2026-04-28T20:12:12","modified_gmt":"2026-04-28T21:12:12","slug":"certame-acontera-nos-dias-26-27-e-28-de-junho-e-prestara-homenagem-a-romeu-di-lurdes","status":"publish","type":"post","link":"https:\/\/tva.cv\/index.php\/2026\/04\/28\/certame-acontera-nos-dias-26-27-e-28-de-junho-e-prestara-homenagem-a-romeu-di-lurdes\/","title":{"rendered":"Certame aconter\u00e1 nos dias 26, 27 e 28 de junho e prestar\u00e1 homenagem \u00e0 Romeu di Lurdes."},"content":{"rendered":"<p><iframe width=\"560\" height=\"315\" src=\"https:\/\/www.youtube.com\/embed\/OIDafM8QLx4?si=P1prNHMdpb__g1Sa\" title=\"YouTube video player\" frameborder=\"0\" allow=\"accelerometer; autoplay; clipboard-write; encrypted-media; gyroscope; picture-in-picture; web-share\" referrerpolicy=\"strict-origin-when-cross-origin\" allowfullscreen><\/iframe><br \/>\nA cidade da Praia acolhe, no pr\u00f3ximo m\u00eas de junho, a 32\u00aa edi\u00e7\u00e3o do Festival da Gamboa, que este ano foi adiado devido ao calend\u00e1rio eleitoral. O evento, que decorrer\u00e1 ao longo de tr\u00eas dias, contar\u00e1 com a participa\u00e7\u00e3o de 27 artistas selecionados por concurso p\u00fablico, numa iniciativa que visa garantir maior transpar\u00eancia e igualdade de oportunidades, al\u00e9m de homenagear o m\u00fasico Romeu de Lurdes e valorizar os talentos locais.<\/p>\n","protected":false},"excerpt":{"rendered":"<p>A cidade da Praia acolhe, no pr\u00f3ximo m\u00eas de junho, a 32\u00aa edi\u00e7\u00e3o do Festival da Gamboa, que este ano foi adiado devido ao calend\u00e1rio eleitoral. O evento, que decorrer\u00e1 ao longo de tr\u00eas dias, contar\u00e1 com a participa\u00e7\u00e3o de 27 artistas selecionados por concurso p\u00fablico, numa iniciativa que visa garantir maior transpar\u00eancia e igualdade de oportunidades, al\u00e9m de homenagear o m\u00fasico Romeu de Lurdes e valorizar os talentos locais.<\/p>\n","protected":false},"author":2,"featured_media":42721,"comment_status":"open","ping_status":"open","sticky":false,"template":"","format":"standard","meta":{"om_disable_all_campaigns":false,"_monsterinsights_skip_tracking":false,"_monsterinsights_sitenote_active":false,"_monsterinsights_sitenote_note":"","_monsterinsights_sitenote_category":0},"categories":[562],"tags":[586],"aioseo_notices":[],"_links":{"self":[{"href":"https:\/\/tva.cv\/index.php\/wp-json\/wp\/v2\/posts\/42720"}],"collection":[{"href":"https:\/\/tva.cv\/index.php\/wp-json\/wp\/v2\/posts"}],"about":[{"href":"https:\/\/tva.cv\/index.php\/wp-json\/wp\/v2\/types\/post"}],"author":[{"embeddable":true,"href":"https:\/\/tva.cv\/index.php\/wp-json\/wp\/v2\/users\/2"}],"replies":[{"embeddable":true,"href":"https:\/\/tva.cv\/index.php\/wp-json\/wp\/v2\/comments?post=42720"}],"version-history":[{"count":1,"href":"https:\/\/tva.cv\/index.php\/wp-json\/wp\/v2\/posts\/42720\/revisions"}],"predecessor-version":[{"id":42722,"href":"https:\/\/tva.cv\/index.php\/wp-json\/wp\/v2\/posts\/42720\/revisions\/42722"}],"wp:featuredmedia":[{"embeddable":true,"href":"https:\/\/tva.cv\/index.php\/wp-json\/wp\/v2\/media\/42721"}],"wp:attachment":[{"href":"https:\/\/tva.cv\/index.php\/wp-json\/wp\/v2\/media?parent=42720"}],"wp:term":[{"taxonomy":"category","embeddable":true,"href":"https:\/\/tva.cv\/index.php\/wp-json\/wp\/v2\/categories?post=42720"},{"taxonomy":"post_tag","embeddable":true,"href":"https:\/\/tva.cv\/index.php\/wp-json\/wp\/v2\/tags?post=42720"}],"curies":[{"name":"wp","href":"https:\/\/api.w.org\/{rel}","templated":true}]}}