{"id":42718,"date":"2026-04-28T11:37:26","date_gmt":"2026-04-28T12:37:26","guid":{"rendered":"https:\/\/tva.cv\/?p=42718"},"modified":"2026-04-28T11:37:26","modified_gmt":"2026-04-28T12:37:26","slug":"kontornu-2026-danca-pensamento-e-transformacao-social-em-movimento","status":"publish","type":"post","link":"https:\/\/tva.cv\/index.php\/2026\/04\/28\/kontornu-2026-danca-pensamento-e-transformacao-social-em-movimento\/","title":{"rendered":"Kontornu 2026: Dan\u00e7a, pensamento e transforma\u00e7\u00e3o social em movimento."},"content":{"rendered":"<p><iframe width=\"560\" height=\"315\" src=\"https:\/\/www.youtube.com\/embed\/iny9Q9MacDE?si=it_OsDtg4nQ4qFxN\" title=\"YouTube video player\" frameborder=\"0\" allow=\"accelerometer; autoplay; clipboard-write; encrypted-media; gyroscope; picture-in-picture; web-share\" referrerpolicy=\"strict-origin-when-cross-origin\" allowfullscreen><\/iframe><br \/>\nA cidade da Praia acolhe, de 11 a 16 de maio, a quarta edi\u00e7\u00e3o do Festival Kontornu. Um evento que cruza dan\u00e7a, reflex\u00e3o e interven\u00e7\u00e3o social. A apresenta\u00e7\u00e3o oficial decorreu esta segunda-feira e revelou uma programa\u00e7\u00e3o ambiciosa, com dimens\u00e3o internacional e forte liga\u00e7\u00e3o \u00e0s causas sociais.<\/p>\n","protected":false},"excerpt":{"rendered":"<p>A cidade da Praia acolhe, de 11 a 16 de maio, a quarta edi\u00e7\u00e3o do Festival Kontornu. Um evento que cruza dan\u00e7a, reflex\u00e3o e interven\u00e7\u00e3o social. A apresenta\u00e7\u00e3o oficial decorreu esta segunda-feira e revelou uma programa\u00e7\u00e3o ambiciosa, com dimens\u00e3o internacional e forte liga\u00e7\u00e3o \u00e0s causas sociais.<\/p>\n","protected":false},"author":2,"featured_media":42715,"comment_status":"open","ping_status":"open","sticky":false,"template":"","format":"standard","meta":{"om_disable_all_campaigns":false,"_monsterinsights_skip_tracking":false,"_monsterinsights_sitenote_active":false,"_monsterinsights_sitenote_note":"","_monsterinsights_sitenote_category":0},"categories":[562],"tags":[586],"aioseo_notices":[],"_links":{"self":[{"href":"https:\/\/tva.cv\/index.php\/wp-json\/wp\/v2\/posts\/42718"}],"collection":[{"href":"https:\/\/tva.cv\/index.php\/wp-json\/wp\/v2\/posts"}],"about":[{"href":"https:\/\/tva.cv\/index.php\/wp-json\/wp\/v2\/types\/post"}],"author":[{"embeddable":true,"href":"https:\/\/tva.cv\/index.php\/wp-json\/wp\/v2\/users\/2"}],"replies":[{"embeddable":true,"href":"https:\/\/tva.cv\/index.php\/wp-json\/wp\/v2\/comments?post=42718"}],"version-history":[{"count":1,"href":"https:\/\/tva.cv\/index.php\/wp-json\/wp\/v2\/posts\/42718\/revisions"}],"predecessor-version":[{"id":42719,"href":"https:\/\/tva.cv\/index.php\/wp-json\/wp\/v2\/posts\/42718\/revisions\/42719"}],"wp:featuredmedia":[{"embeddable":true,"href":"https:\/\/tva.cv\/index.php\/wp-json\/wp\/v2\/media\/42715"}],"wp:attachment":[{"href":"https:\/\/tva.cv\/index.php\/wp-json\/wp\/v2\/media?parent=42718"}],"wp:term":[{"taxonomy":"category","embeddable":true,"href":"https:\/\/tva.cv\/index.php\/wp-json\/wp\/v2\/categories?post=42718"},{"taxonomy":"post_tag","embeddable":true,"href":"https:\/\/tva.cv\/index.php\/wp-json\/wp\/v2\/tags?post=42718"}],"curies":[{"name":"wp","href":"https:\/\/api.w.org\/{rel}","templated":true}]}}