{"id":42711,"date":"2026-04-28T09:51:22","date_gmt":"2026-04-28T10:51:22","guid":{"rendered":"https:\/\/tva.cv\/?p=42711"},"modified":"2026-04-28T09:51:22","modified_gmt":"2026-04-28T10:51:22","slug":"arte-que-denuncia-sueline-furtado-leva-o-lixo-ao-palco-do-kontornu","status":"publish","type":"post","link":"https:\/\/tva.cv\/index.php\/2026\/04\/28\/arte-que-denuncia-sueline-furtado-leva-o-lixo-ao-palco-do-kontornu\/","title":{"rendered":"Arte que denuncia: Sueline Furtado leva o \u201cLixo\u201d ao palco do Kontornu."},"content":{"rendered":"<p><iframe width=\"560\" height=\"315\" src=\"https:\/\/www.youtube.com\/embed\/CDR0ZEx49RU?si=Www_4mCsSHQEkUCX\" title=\"YouTube video player\" frameborder=\"0\" allow=\"accelerometer; autoplay; clipboard-write; encrypted-media; gyroscope; picture-in-picture; web-share\" referrerpolicy=\"strict-origin-when-cross-origin\" allowfullscreen><\/iframe><br \/>\nNo Festival Kontornu, a arte tamb\u00e9m \u00e9 den\u00fancia. A artista Sueline Furtado apresenta uma performance que chama a aten\u00e7\u00e3o para o problema do lixo na cidade da Praia, transformando o palco num espa\u00e7o de consciencializa\u00e7\u00e3o ambiental.<\/p>\n","protected":false},"excerpt":{"rendered":"<p>No Festival Kontornu, a arte tamb\u00e9m \u00e9 den\u00fancia. A artista Sueline Furtado apresenta uma performance que chama a aten\u00e7\u00e3o para o problema do lixo na cidade da Praia, transformando o palco num espa\u00e7o de consciencializa\u00e7\u00e3o ambiental.<\/p>\n","protected":false},"author":2,"featured_media":42712,"comment_status":"open","ping_status":"open","sticky":false,"template":"","format":"standard","meta":{"om_disable_all_campaigns":false,"_monsterinsights_skip_tracking":false,"_monsterinsights_sitenote_active":false,"_monsterinsights_sitenote_note":"","_monsterinsights_sitenote_category":0},"categories":[562],"tags":[586],"aioseo_notices":[],"_links":{"self":[{"href":"https:\/\/tva.cv\/index.php\/wp-json\/wp\/v2\/posts\/42711"}],"collection":[{"href":"https:\/\/tva.cv\/index.php\/wp-json\/wp\/v2\/posts"}],"about":[{"href":"https:\/\/tva.cv\/index.php\/wp-json\/wp\/v2\/types\/post"}],"author":[{"embeddable":true,"href":"https:\/\/tva.cv\/index.php\/wp-json\/wp\/v2\/users\/2"}],"replies":[{"embeddable":true,"href":"https:\/\/tva.cv\/index.php\/wp-json\/wp\/v2\/comments?post=42711"}],"version-history":[{"count":1,"href":"https:\/\/tva.cv\/index.php\/wp-json\/wp\/v2\/posts\/42711\/revisions"}],"predecessor-version":[{"id":42713,"href":"https:\/\/tva.cv\/index.php\/wp-json\/wp\/v2\/posts\/42711\/revisions\/42713"}],"wp:featuredmedia":[{"embeddable":true,"href":"https:\/\/tva.cv\/index.php\/wp-json\/wp\/v2\/media\/42712"}],"wp:attachment":[{"href":"https:\/\/tva.cv\/index.php\/wp-json\/wp\/v2\/media?parent=42711"}],"wp:term":[{"taxonomy":"category","embeddable":true,"href":"https:\/\/tva.cv\/index.php\/wp-json\/wp\/v2\/categories?post=42711"},{"taxonomy":"post_tag","embeddable":true,"href":"https:\/\/tva.cv\/index.php\/wp-json\/wp\/v2\/tags?post=42711"}],"curies":[{"name":"wp","href":"https:\/\/api.w.org\/{rel}","templated":true}]}}