{"id":42705,"date":"2026-04-28T09:46:03","date_gmt":"2026-04-28T10:46:03","guid":{"rendered":"https:\/\/tva.cv\/?p=42705"},"modified":"2026-04-28T09:46:03","modified_gmt":"2026-04-28T10:46:03","slug":"cedeao-apresenta-visao-2050-na-praia-com-apelo-a-integracao-e-cooperacao-regional","status":"publish","type":"post","link":"https:\/\/tva.cv\/index.php\/2026\/04\/28\/cedeao-apresenta-visao-2050-na-praia-com-apelo-a-integracao-e-cooperacao-regional\/","title":{"rendered":"CEDEAO apresenta Vis\u00e3o 2050 na Praia com apelo \u00e0 integra\u00e7\u00e3o e coopera\u00e7\u00e3o regional."},"content":{"rendered":"<p><iframe width=\"560\" height=\"315\" src=\"https:\/\/www.youtube.com\/embed\/E8uccDCjSKI?si=fkG-vhEbhCw_UxlL\" title=\"YouTube video player\" frameborder=\"0\" allow=\"accelerometer; autoplay; clipboard-write; encrypted-media; gyroscope; picture-in-picture; web-share\" referrerpolicy=\"strict-origin-when-cross-origin\" allowfullscreen><\/iframe><br \/>\nA cidade da Praia acolhe uma sess\u00e3o de sensibiliza\u00e7\u00e3o sobre a Vis\u00e3o 2050 da CEDEAO, sob o lema, CEDEAO dos Povos Paz e Prosperidade para Todos. O encontro re\u00fane autoridades nacionais e representantes da organiza\u00e7\u00e3o regional para refletir sobre o futuro da integra\u00e7\u00e3o na \u00c1frica Ocidental.<\/p>\n","protected":false},"excerpt":{"rendered":"<p>A cidade da Praia acolhe uma sess\u00e3o de sensibiliza\u00e7\u00e3o sobre a Vis\u00e3o 2050 da CEDEAO, sob o lema, CEDEAO dos Povos Paz e Prosperidade para Todos. O encontro re\u00fane autoridades nacionais e representantes da organiza\u00e7\u00e3o regional para refletir sobre o futuro da integra\u00e7\u00e3o na \u00c1frica Ocidental.<\/p>\n","protected":false},"author":2,"featured_media":42706,"comment_status":"open","ping_status":"open","sticky":false,"template":"","format":"standard","meta":{"om_disable_all_campaigns":false,"_monsterinsights_skip_tracking":false,"_monsterinsights_sitenote_active":false,"_monsterinsights_sitenote_note":"","_monsterinsights_sitenote_category":0},"categories":[567],"tags":[586],"aioseo_notices":[],"_links":{"self":[{"href":"https:\/\/tva.cv\/index.php\/wp-json\/wp\/v2\/posts\/42705"}],"collection":[{"href":"https:\/\/tva.cv\/index.php\/wp-json\/wp\/v2\/posts"}],"about":[{"href":"https:\/\/tva.cv\/index.php\/wp-json\/wp\/v2\/types\/post"}],"author":[{"embeddable":true,"href":"https:\/\/tva.cv\/index.php\/wp-json\/wp\/v2\/users\/2"}],"replies":[{"embeddable":true,"href":"https:\/\/tva.cv\/index.php\/wp-json\/wp\/v2\/comments?post=42705"}],"version-history":[{"count":1,"href":"https:\/\/tva.cv\/index.php\/wp-json\/wp\/v2\/posts\/42705\/revisions"}],"predecessor-version":[{"id":42707,"href":"https:\/\/tva.cv\/index.php\/wp-json\/wp\/v2\/posts\/42705\/revisions\/42707"}],"wp:featuredmedia":[{"embeddable":true,"href":"https:\/\/tva.cv\/index.php\/wp-json\/wp\/v2\/media\/42706"}],"wp:attachment":[{"href":"https:\/\/tva.cv\/index.php\/wp-json\/wp\/v2\/media?parent=42705"}],"wp:term":[{"taxonomy":"category","embeddable":true,"href":"https:\/\/tva.cv\/index.php\/wp-json\/wp\/v2\/categories?post=42705"},{"taxonomy":"post_tag","embeddable":true,"href":"https:\/\/tva.cv\/index.php\/wp-json\/wp\/v2\/tags?post=42705"}],"curies":[{"name":"wp","href":"https:\/\/api.w.org\/{rel}","templated":true}]}}