{"id":42542,"date":"2026-03-11T09:26:59","date_gmt":"2026-03-11T10:26:59","guid":{"rendered":"https:\/\/tva.cv\/?p=42542"},"modified":"2026-03-11T09:26:59","modified_gmt":"2026-03-11T10:26:59","slug":"ministro-das-fa-do-senegal-destaca-ganhos-na-cooperacao-com-cabo-verde-e-papel-da-zona-g","status":"publish","type":"post","link":"https:\/\/tva.cv\/index.php\/2026\/03\/11\/ministro-das-fa-do-senegal-destaca-ganhos-na-cooperacao-com-cabo-verde-e-papel-da-zona-g\/","title":{"rendered":"Ministro das FA do Senegal destaca ganhos na coopera\u00e7\u00e3o com Cabo Verde e papel da zona g."},"content":{"rendered":"<p><iframe width=\"560\" height=\"315\" src=\"https:\/\/www.youtube.com\/embed\/nsSjS48TXFg?si=xgMI7RfWB7jQHyCe\" title=\"YouTube video player\" frameborder=\"0\" allow=\"accelerometer; autoplay; clipboard-write; encrypted-media; gyroscope; picture-in-picture; web-share\" referrerpolicy=\"strict-origin-when-cross-origin\" allowfullscreen><\/iframe><br \/>\nPara refor\u00e7o da coopera\u00e7\u00e3o bilateral em mat\u00e9ria de defesa nacional, Cabo Verde recebeu a visita do Ministro das For\u00e7as Armadas do Senegal. Al\u00e9m de desloca\u00e7\u00f5es as estruturas das For\u00e7as Armadas, e garantia de seguran\u00e7a mar\u00edtima na Zona G, a estadia no arquip\u00e9lago do General Birame DIOP, incluiu um encontro com a Ministra de Estado e da Defesa, Janine L\u00e9lis.<\/p>\n","protected":false},"excerpt":{"rendered":"<p>Para refor\u00e7o da coopera\u00e7\u00e3o bilateral em mat\u00e9ria de defesa nacional, Cabo Verde recebeu a visita do Ministro das For\u00e7as Armadas do Senegal. Al\u00e9m de desloca\u00e7\u00f5es as estruturas das For\u00e7as Armadas, e garantia de seguran\u00e7a mar\u00edtima na Zona G, a estadia no arquip\u00e9lago do General Birame DIOP, incluiu um encontro com a Ministra de Estado e da Defesa, Janine L\u00e9lis.<\/p>\n","protected":false},"author":2,"featured_media":42543,"comment_status":"open","ping_status":"open","sticky":false,"template":"","format":"standard","meta":{"om_disable_all_campaigns":false,"_monsterinsights_skip_tracking":false,"_monsterinsights_sitenote_active":false,"_monsterinsights_sitenote_note":"","_monsterinsights_sitenote_category":0},"categories":[595],"tags":[586],"aioseo_notices":[],"_links":{"self":[{"href":"https:\/\/tva.cv\/index.php\/wp-json\/wp\/v2\/posts\/42542"}],"collection":[{"href":"https:\/\/tva.cv\/index.php\/wp-json\/wp\/v2\/posts"}],"about":[{"href":"https:\/\/tva.cv\/index.php\/wp-json\/wp\/v2\/types\/post"}],"author":[{"embeddable":true,"href":"https:\/\/tva.cv\/index.php\/wp-json\/wp\/v2\/users\/2"}],"replies":[{"embeddable":true,"href":"https:\/\/tva.cv\/index.php\/wp-json\/wp\/v2\/comments?post=42542"}],"version-history":[{"count":1,"href":"https:\/\/tva.cv\/index.php\/wp-json\/wp\/v2\/posts\/42542\/revisions"}],"predecessor-version":[{"id":42544,"href":"https:\/\/tva.cv\/index.php\/wp-json\/wp\/v2\/posts\/42542\/revisions\/42544"}],"wp:featuredmedia":[{"embeddable":true,"href":"https:\/\/tva.cv\/index.php\/wp-json\/wp\/v2\/media\/42543"}],"wp:attachment":[{"href":"https:\/\/tva.cv\/index.php\/wp-json\/wp\/v2\/media?parent=42542"}],"wp:term":[{"taxonomy":"category","embeddable":true,"href":"https:\/\/tva.cv\/index.php\/wp-json\/wp\/v2\/categories?post=42542"},{"taxonomy":"post_tag","embeddable":true,"href":"https:\/\/tva.cv\/index.php\/wp-json\/wp\/v2\/tags?post=42542"}],"curies":[{"name":"wp","href":"https:\/\/api.w.org\/{rel}","templated":true}]}}