{"id":42531,"date":"2026-03-10T09:55:12","date_gmt":"2026-03-10T10:55:12","guid":{"rendered":"https:\/\/tva.cv\/?p=42531"},"modified":"2026-03-10T09:55:12","modified_gmt":"2026-03-10T10:55:12","slug":"comeca-hoje-a-semana-do-digital","status":"publish","type":"post","link":"https:\/\/tva.cv\/index.php\/2026\/03\/10\/comeca-hoje-a-semana-do-digital\/","title":{"rendered":"Come\u00e7a hoje a Semana do Digital."},"content":{"rendered":"<p><iframe width=\"560\" height=\"315\" src=\"https:\/\/www.youtube.com\/embed\/EJ4kFlew3Eg?si=u72i89nL7xds4c3D\" title=\"YouTube video player\" frameborder=\"0\" allow=\"accelerometer; autoplay; clipboard-write; encrypted-media; gyroscope; picture-in-picture; web-share\" referrerpolicy=\"strict-origin-when-cross-origin\" allowfullscreen><\/iframe><br \/>\nA edi\u00e7\u00e3o de 2026 da Semana do Digital de inicia hoje, 9, na cidade da Praia, em formato h\u00edbrido, prolongando-se at\u00e9 ao dia 15, com atividades dedicadas \u00e0 promo\u00e7\u00e3o da transforma\u00e7\u00e3o digital do sector p\u00fablico, da economia e da sociedade cabo-verdiana.<\/p>\n","protected":false},"excerpt":{"rendered":"<p>A edi\u00e7\u00e3o de 2026 da Semana do Digital de inicia hoje, 9, na cidade da Praia, em formato h\u00edbrido, prolongando-se at\u00e9 ao dia 15, com atividades dedicadas \u00e0 promo\u00e7\u00e3o da transforma\u00e7\u00e3o digital do sector p\u00fablico, da economia e da sociedade cabo-verdiana.<\/p>\n","protected":false},"author":2,"featured_media":42532,"comment_status":"open","ping_status":"open","sticky":false,"template":"","format":"standard","meta":{"om_disable_all_campaigns":false,"_monsterinsights_skip_tracking":false,"_monsterinsights_sitenote_active":false,"_monsterinsights_sitenote_note":"","_monsterinsights_sitenote_category":0},"categories":[596],"tags":[586],"aioseo_notices":[],"_links":{"self":[{"href":"https:\/\/tva.cv\/index.php\/wp-json\/wp\/v2\/posts\/42531"}],"collection":[{"href":"https:\/\/tva.cv\/index.php\/wp-json\/wp\/v2\/posts"}],"about":[{"href":"https:\/\/tva.cv\/index.php\/wp-json\/wp\/v2\/types\/post"}],"author":[{"embeddable":true,"href":"https:\/\/tva.cv\/index.php\/wp-json\/wp\/v2\/users\/2"}],"replies":[{"embeddable":true,"href":"https:\/\/tva.cv\/index.php\/wp-json\/wp\/v2\/comments?post=42531"}],"version-history":[{"count":1,"href":"https:\/\/tva.cv\/index.php\/wp-json\/wp\/v2\/posts\/42531\/revisions"}],"predecessor-version":[{"id":42533,"href":"https:\/\/tva.cv\/index.php\/wp-json\/wp\/v2\/posts\/42531\/revisions\/42533"}],"wp:featuredmedia":[{"embeddable":true,"href":"https:\/\/tva.cv\/index.php\/wp-json\/wp\/v2\/media\/42532"}],"wp:attachment":[{"href":"https:\/\/tva.cv\/index.php\/wp-json\/wp\/v2\/media?parent=42531"}],"wp:term":[{"taxonomy":"category","embeddable":true,"href":"https:\/\/tva.cv\/index.php\/wp-json\/wp\/v2\/categories?post=42531"},{"taxonomy":"post_tag","embeddable":true,"href":"https:\/\/tva.cv\/index.php\/wp-json\/wp\/v2\/tags?post=42531"}],"curies":[{"name":"wp","href":"https:\/\/api.w.org\/{rel}","templated":true}]}}