{"id":42528,"date":"2026-03-10T09:53:53","date_gmt":"2026-03-10T10:53:53","guid":{"rendered":"https:\/\/tva.cv\/?p=42528"},"modified":"2026-03-10T09:53:53","modified_gmt":"2026-03-10T10:53:53","slug":"ilha-acolhe-formacao-para-o-reforco-da-seguranca-alimentar-no-sector-turistico","status":"publish","type":"post","link":"https:\/\/tva.cv\/index.php\/2026\/03\/10\/ilha-acolhe-formacao-para-o-reforco-da-seguranca-alimentar-no-sector-turistico\/","title":{"rendered":"Ilha acolhe forma\u00e7\u00e3o para o refor\u00e7o da seguran\u00e7a alimentar no sector tur\u00edstico."},"content":{"rendered":"<p><iframe width=\"560\" height=\"315\" src=\"https:\/\/www.youtube.com\/embed\/d3bGiaILIlY?si=BrBc0AYlMIvlLKuC\" title=\"YouTube video player\" frameborder=\"0\" allow=\"accelerometer; autoplay; clipboard-write; encrypted-media; gyroscope; picture-in-picture; web-share\" referrerpolicy=\"strict-origin-when-cross-origin\" allowfullscreen><\/iframe><br \/>\nO Instituto do Turismo de Cabo Verde promove, em Mar\u00e7o, na ilha do Sal, uma a\u00e7\u00e3o de capacita\u00e7\u00e3o em An\u00e1lise de Perigos e Pontos Cr\u00edticos de Controlo, destinada a profissionais de estabelecimentos hoteleiros e restaurantes, com o objetivo de refor\u00e7ar a seguran\u00e7a alimentar no sector tur\u00edstico.<\/p>\n","protected":false},"excerpt":{"rendered":"<p>O Instituto do Turismo de Cabo Verde promove, em Mar\u00e7o, na ilha do Sal, uma a\u00e7\u00e3o de capacita\u00e7\u00e3o em An\u00e1lise de Perigos e Pontos Cr\u00edticos de Controlo, destinada a profissionais de estabelecimentos hoteleiros e restaurantes, com o objetivo de refor\u00e7ar a seguran\u00e7a alimentar no sector tur\u00edstico.<\/p>\n","protected":false},"author":2,"featured_media":42529,"comment_status":"open","ping_status":"open","sticky":false,"template":"","format":"standard","meta":{"om_disable_all_campaigns":false,"_monsterinsights_skip_tracking":false,"_monsterinsights_sitenote_active":false,"_monsterinsights_sitenote_note":"","_monsterinsights_sitenote_category":0},"categories":[602],"tags":[586],"aioseo_notices":[],"_links":{"self":[{"href":"https:\/\/tva.cv\/index.php\/wp-json\/wp\/v2\/posts\/42528"}],"collection":[{"href":"https:\/\/tva.cv\/index.php\/wp-json\/wp\/v2\/posts"}],"about":[{"href":"https:\/\/tva.cv\/index.php\/wp-json\/wp\/v2\/types\/post"}],"author":[{"embeddable":true,"href":"https:\/\/tva.cv\/index.php\/wp-json\/wp\/v2\/users\/2"}],"replies":[{"embeddable":true,"href":"https:\/\/tva.cv\/index.php\/wp-json\/wp\/v2\/comments?post=42528"}],"version-history":[{"count":1,"href":"https:\/\/tva.cv\/index.php\/wp-json\/wp\/v2\/posts\/42528\/revisions"}],"predecessor-version":[{"id":42530,"href":"https:\/\/tva.cv\/index.php\/wp-json\/wp\/v2\/posts\/42528\/revisions\/42530"}],"wp:featuredmedia":[{"embeddable":true,"href":"https:\/\/tva.cv\/index.php\/wp-json\/wp\/v2\/media\/42529"}],"wp:attachment":[{"href":"https:\/\/tva.cv\/index.php\/wp-json\/wp\/v2\/media?parent=42528"}],"wp:term":[{"taxonomy":"category","embeddable":true,"href":"https:\/\/tva.cv\/index.php\/wp-json\/wp\/v2\/categories?post=42528"},{"taxonomy":"post_tag","embeddable":true,"href":"https:\/\/tva.cv\/index.php\/wp-json\/wp\/v2\/tags?post=42528"}],"curies":[{"name":"wp","href":"https:\/\/api.w.org\/{rel}","templated":true}]}}