{"id":42309,"date":"2026-01-09T17:50:10","date_gmt":"2026-01-09T18:50:10","guid":{"rendered":"https:\/\/tva.cv\/?p=42309"},"modified":"2026-01-09T17:50:10","modified_gmt":"2026-01-09T18:50:10","slug":"pj-detem-cinco-suspeitos-da-morte-de-jovem-irlandes","status":"publish","type":"post","link":"https:\/\/tva.cv\/index.php\/2026\/01\/09\/pj-detem-cinco-suspeitos-da-morte-de-jovem-irlandes\/","title":{"rendered":"PJ det\u00e9m cinco suspeitos da morte de jovem irland\u00eas."},"content":{"rendered":"<p><iframe width=\"560\" height=\"315\" src=\"https:\/\/www.youtube.com\/embed\/TqWoOMV-k1Y?si=RHRxUfqjh-Y6AxvK\" title=\"YouTube video player\" frameborder=\"0\" allow=\"accelerometer; autoplay; clipboard-write; encrypted-media; gyroscope; picture-in-picture; web-share\" referrerpolicy=\"strict-origin-when-cross-origin\" allowfullscreen><\/iframe><br \/>\nO Departamento de Investiga\u00e7\u00e3o Criminal do Sal anunciou hoje, em confer\u00eancia de imprensa, a deten\u00e7\u00e3o de cinco indiv\u00edduos suspeitos de envolvimento na agress\u00e3o fatal de um jovem irland\u00eas de 25 anos. O crime ocorreu na madrugada do passado dia 07 de Janeiro, na Rua Pedonal de Santa Maria.<\/p>\n","protected":false},"excerpt":{"rendered":"<p>O Departamento de Investiga\u00e7\u00e3o Criminal do Sal anunciou hoje, em confer\u00eancia de imprensa, a deten\u00e7\u00e3o de cinco indiv\u00edduos suspeitos de envolvimento na agress\u00e3o fatal de um jovem irland\u00eas de 25 anos. O crime ocorreu na madrugada do passado dia 07 de Janeiro, na Rua Pedonal de Santa Maria.<\/p>\n","protected":false},"author":2,"featured_media":42310,"comment_status":"open","ping_status":"open","sticky":false,"template":"","format":"standard","meta":{"om_disable_all_campaigns":false,"_monsterinsights_skip_tracking":false,"_monsterinsights_sitenote_active":false,"_monsterinsights_sitenote_note":"","_monsterinsights_sitenote_category":0},"categories":[587],"tags":[586],"aioseo_notices":[],"_links":{"self":[{"href":"https:\/\/tva.cv\/index.php\/wp-json\/wp\/v2\/posts\/42309"}],"collection":[{"href":"https:\/\/tva.cv\/index.php\/wp-json\/wp\/v2\/posts"}],"about":[{"href":"https:\/\/tva.cv\/index.php\/wp-json\/wp\/v2\/types\/post"}],"author":[{"embeddable":true,"href":"https:\/\/tva.cv\/index.php\/wp-json\/wp\/v2\/users\/2"}],"replies":[{"embeddable":true,"href":"https:\/\/tva.cv\/index.php\/wp-json\/wp\/v2\/comments?post=42309"}],"version-history":[{"count":1,"href":"https:\/\/tva.cv\/index.php\/wp-json\/wp\/v2\/posts\/42309\/revisions"}],"predecessor-version":[{"id":42311,"href":"https:\/\/tva.cv\/index.php\/wp-json\/wp\/v2\/posts\/42309\/revisions\/42311"}],"wp:featuredmedia":[{"embeddable":true,"href":"https:\/\/tva.cv\/index.php\/wp-json\/wp\/v2\/media\/42310"}],"wp:attachment":[{"href":"https:\/\/tva.cv\/index.php\/wp-json\/wp\/v2\/media?parent=42309"}],"wp:term":[{"taxonomy":"category","embeddable":true,"href":"https:\/\/tva.cv\/index.php\/wp-json\/wp\/v2\/categories?post=42309"},{"taxonomy":"post_tag","embeddable":true,"href":"https:\/\/tva.cv\/index.php\/wp-json\/wp\/v2\/tags?post=42309"}],"curies":[{"name":"wp","href":"https:\/\/api.w.org\/{rel}","templated":true}]}}