{"id":42305,"date":"2026-01-09T12:16:46","date_gmt":"2026-01-09T13:16:46","guid":{"rendered":"https:\/\/tva.cv\/?p=42305"},"modified":"2026-01-09T12:16:46","modified_gmt":"2026-01-09T13:16:46","slug":"pgr-refuta-acusacoes-de-perseguicao-ao-autarca-da-praia-e-diz-que-ninguem-esta-acima-da-lei","status":"publish","type":"post","link":"https:\/\/tva.cv\/index.php\/2026\/01\/09\/pgr-refuta-acusacoes-de-perseguicao-ao-autarca-da-praia-e-diz-que-ninguem-esta-acima-da-lei\/","title":{"rendered":"PGR refuta acusa\u00e7\u00f5es de persegui\u00e7\u00e3o ao autarca da Praia e diz que ningu\u00e9m est\u00e1 acima da lei"},"content":{"rendered":"<p><iframe width=\"560\" height=\"315\" src=\"https:\/\/www.youtube.com\/embed\/atI7_-NKUG4?si=T6GT8SbKXOXKndId\" title=\"YouTube video player\" frameborder=\"0\" allow=\"accelerometer; autoplay; clipboard-write; encrypted-media; gyroscope; picture-in-picture; web-share\" referrerpolicy=\"strict-origin-when-cross-origin\" allowfullscreen><\/iframe><br \/>\nO Procurador-Geral da Rep\u00fablica, Lu\u00eds Landim, reagiu \u00e0s alega\u00e7\u00f5es do presidente da C\u00e2mara Municipal da Praia, Francisco Carvalho, sobre suposta persegui\u00e7\u00e3o em consequ\u00eancia das buscas e apreens\u00f5es realizadas na autarquia.<\/p>\n","protected":false},"excerpt":{"rendered":"<p>O Procurador-Geral da Rep\u00fablica, Lu\u00eds Landim, reagiu \u00e0s alega\u00e7\u00f5es do presidente da C\u00e2mara Municipal da Praia, Francisco Carvalho, sobre suposta persegui\u00e7\u00e3o em consequ\u00eancia das buscas e apreens\u00f5es realizadas na autarquia.<\/p>\n","protected":false},"author":2,"featured_media":42306,"comment_status":"open","ping_status":"open","sticky":false,"template":"","format":"standard","meta":{"om_disable_all_campaigns":false,"_monsterinsights_skip_tracking":false,"_monsterinsights_sitenote_active":false,"_monsterinsights_sitenote_note":"","_monsterinsights_sitenote_category":0},"categories":[587],"tags":[586],"aioseo_notices":[],"_links":{"self":[{"href":"https:\/\/tva.cv\/index.php\/wp-json\/wp\/v2\/posts\/42305"}],"collection":[{"href":"https:\/\/tva.cv\/index.php\/wp-json\/wp\/v2\/posts"}],"about":[{"href":"https:\/\/tva.cv\/index.php\/wp-json\/wp\/v2\/types\/post"}],"author":[{"embeddable":true,"href":"https:\/\/tva.cv\/index.php\/wp-json\/wp\/v2\/users\/2"}],"replies":[{"embeddable":true,"href":"https:\/\/tva.cv\/index.php\/wp-json\/wp\/v2\/comments?post=42305"}],"version-history":[{"count":1,"href":"https:\/\/tva.cv\/index.php\/wp-json\/wp\/v2\/posts\/42305\/revisions"}],"predecessor-version":[{"id":42307,"href":"https:\/\/tva.cv\/index.php\/wp-json\/wp\/v2\/posts\/42305\/revisions\/42307"}],"wp:featuredmedia":[{"embeddable":true,"href":"https:\/\/tva.cv\/index.php\/wp-json\/wp\/v2\/media\/42306"}],"wp:attachment":[{"href":"https:\/\/tva.cv\/index.php\/wp-json\/wp\/v2\/media?parent=42305"}],"wp:term":[{"taxonomy":"category","embeddable":true,"href":"https:\/\/tva.cv\/index.php\/wp-json\/wp\/v2\/categories?post=42305"},{"taxonomy":"post_tag","embeddable":true,"href":"https:\/\/tva.cv\/index.php\/wp-json\/wp\/v2\/tags?post=42305"}],"curies":[{"name":"wp","href":"https:\/\/api.w.org\/{rel}","templated":true}]}}