{"id":42295,"date":"2026-01-09T10:17:44","date_gmt":"2026-01-09T11:17:44","guid":{"rendered":"https:\/\/tva.cv\/?p=42295"},"modified":"2026-01-09T10:17:44","modified_gmt":"2026-01-09T11:17:44","slug":"imp-proibe-saida-de-embarcacoes-de-pescas-na-regiao-do-barlavento-devido-a-mau-tempo","status":"publish","type":"post","link":"https:\/\/tva.cv\/index.php\/2026\/01\/09\/imp-proibe-saida-de-embarcacoes-de-pescas-na-regiao-do-barlavento-devido-a-mau-tempo\/","title":{"rendered":"IMP pro\u00edbe sa\u00edda de embarca\u00e7\u00f5es de pescas na regi\u00e3o do Barlavento devido a mau tempo."},"content":{"rendered":"<p><iframe width=\"560\" height=\"315\" src=\"https:\/\/www.youtube.com\/embed\/ioh3JFdmGfM?si=nE_mOTvSFK4QTGhs\" title=\"YouTube video player\" frameborder=\"0\" allow=\"accelerometer; autoplay; clipboard-write; encrypted-media; gyroscope; picture-in-picture; web-share\" referrerpolicy=\"strict-origin-when-cross-origin\" allowfullscreen><\/iframe><br \/>\nPor raz\u00f5es de seguran\u00e7a, encontra-se interdita, nas ilhas do barlavento, a sa\u00edda para o mar das embarca\u00e7\u00f5es de pesca local, botes e pequenas embarca\u00e7\u00f5es de boca aberta, enquanto se mantiverem condi\u00e7\u00f5es de mau tempo, comunicou, hoje, o Instituto Mar\u00edtimo Portu\u00e1rio.<\/p>\n","protected":false},"excerpt":{"rendered":"<p>Por raz\u00f5es de seguran\u00e7a, encontra-se interdita, nas ilhas do barlavento, a sa\u00edda para o mar das embarca\u00e7\u00f5es de pesca local, botes e pequenas embarca\u00e7\u00f5es de boca aberta, enquanto se mantiverem condi\u00e7\u00f5es de mau tempo, comunicou, hoje, o Instituto Mar\u00edtimo Portu\u00e1rio.<\/p>\n","protected":false},"author":2,"featured_media":42296,"comment_status":"open","ping_status":"open","sticky":false,"template":"","format":"standard","meta":{"om_disable_all_campaigns":false,"_monsterinsights_skip_tracking":false,"_monsterinsights_sitenote_active":false,"_monsterinsights_sitenote_note":"","_monsterinsights_sitenote_category":0},"categories":[597],"tags":[586],"aioseo_notices":[],"_links":{"self":[{"href":"https:\/\/tva.cv\/index.php\/wp-json\/wp\/v2\/posts\/42295"}],"collection":[{"href":"https:\/\/tva.cv\/index.php\/wp-json\/wp\/v2\/posts"}],"about":[{"href":"https:\/\/tva.cv\/index.php\/wp-json\/wp\/v2\/types\/post"}],"author":[{"embeddable":true,"href":"https:\/\/tva.cv\/index.php\/wp-json\/wp\/v2\/users\/2"}],"replies":[{"embeddable":true,"href":"https:\/\/tva.cv\/index.php\/wp-json\/wp\/v2\/comments?post=42295"}],"version-history":[{"count":1,"href":"https:\/\/tva.cv\/index.php\/wp-json\/wp\/v2\/posts\/42295\/revisions"}],"predecessor-version":[{"id":42297,"href":"https:\/\/tva.cv\/index.php\/wp-json\/wp\/v2\/posts\/42295\/revisions\/42297"}],"wp:featuredmedia":[{"embeddable":true,"href":"https:\/\/tva.cv\/index.php\/wp-json\/wp\/v2\/media\/42296"}],"wp:attachment":[{"href":"https:\/\/tva.cv\/index.php\/wp-json\/wp\/v2\/media?parent=42295"}],"wp:term":[{"taxonomy":"category","embeddable":true,"href":"https:\/\/tva.cv\/index.php\/wp-json\/wp\/v2\/categories?post=42295"},{"taxonomy":"post_tag","embeddable":true,"href":"https:\/\/tva.cv\/index.php\/wp-json\/wp\/v2\/tags?post=42295"}],"curies":[{"name":"wp","href":"https:\/\/api.w.org\/{rel}","templated":true}]}}