{"id":42277,"date":"2026-01-08T11:14:26","date_gmt":"2026-01-08T12:14:26","guid":{"rendered":"https:\/\/tva.cv\/?p=42277"},"modified":"2026-01-08T11:14:26","modified_gmt":"2026-01-08T12:14:26","slug":"inmg-alerta-para-ventos-fortes-mar-agitado-e-poeiras-nos-proximos-dias-em-cabo-verde","status":"publish","type":"post","link":"https:\/\/tva.cv\/index.php\/2026\/01\/08\/inmg-alerta-para-ventos-fortes-mar-agitado-e-poeiras-nos-proximos-dias-em-cabo-verde\/","title":{"rendered":"INMG alerta para ventos fortes, mar agitado e poeiras nos pr\u00f3ximos dias em Cabo Verde."},"content":{"rendered":"<p><iframe width=\"560\" height=\"315\" src=\"https:\/\/www.youtube.com\/embed\/WDJ5QRqbqks?si=nrvXPxujNQalK9V1\" title=\"YouTube video player\" frameborder=\"0\" allow=\"accelerometer; autoplay; clipboard-write; encrypted-media; gyroscope; picture-in-picture; web-share\" referrerpolicy=\"strict-origin-when-cross-origin\" allowfullscreen><\/iframe><br \/>\nO estado do tempo em Cabo Verde ser\u00e1 condicionado, nos pr\u00f3ximos dias, pela intensifica\u00e7\u00e3o do anticiclone dos A\u00e7ores na sua posi\u00e7\u00e3o mais a leste, informou o Instituto Nacional de Meteorologia e Geof\u00edsica.<br \/>\nTrata-se, de acordo com a mesma fonte, de uma situa\u00e7\u00e3o frequente para o m\u00eas de janeiro, mas com um per\u00edodo mais cr\u00edtico com in\u00edcio na \u00faltima quarta-feira, sete de janeiro, prolongando-se at\u00e9 ao fim de semana.<\/p>\n","protected":false},"excerpt":{"rendered":"<p>O estado do tempo em Cabo Verde ser\u00e1 condicionado, nos pr\u00f3ximos dias, pela intensifica\u00e7\u00e3o do anticiclone dos A\u00e7ores na sua posi\u00e7\u00e3o mais a leste, informou o Instituto Nacional de Meteorologia e Geof\u00edsica. Trata-se, de acordo com a mesma fonte, de uma situa\u00e7\u00e3o frequente para o m\u00eas de janeiro, mas com um per\u00edodo mais cr\u00edtico com in\u00edcio na \u00faltima quarta-feira, sete de janeiro, prolongando-se at\u00e9 ao fim de semana.<\/p>\n","protected":false},"author":2,"featured_media":42278,"comment_status":"open","ping_status":"open","sticky":false,"template":"","format":"standard","meta":{"om_disable_all_campaigns":false,"_monsterinsights_skip_tracking":false,"_monsterinsights_sitenote_active":false,"_monsterinsights_sitenote_note":"","_monsterinsights_sitenote_category":0},"categories":[592],"tags":[586],"aioseo_notices":[],"_links":{"self":[{"href":"https:\/\/tva.cv\/index.php\/wp-json\/wp\/v2\/posts\/42277"}],"collection":[{"href":"https:\/\/tva.cv\/index.php\/wp-json\/wp\/v2\/posts"}],"about":[{"href":"https:\/\/tva.cv\/index.php\/wp-json\/wp\/v2\/types\/post"}],"author":[{"embeddable":true,"href":"https:\/\/tva.cv\/index.php\/wp-json\/wp\/v2\/users\/2"}],"replies":[{"embeddable":true,"href":"https:\/\/tva.cv\/index.php\/wp-json\/wp\/v2\/comments?post=42277"}],"version-history":[{"count":1,"href":"https:\/\/tva.cv\/index.php\/wp-json\/wp\/v2\/posts\/42277\/revisions"}],"predecessor-version":[{"id":42279,"href":"https:\/\/tva.cv\/index.php\/wp-json\/wp\/v2\/posts\/42277\/revisions\/42279"}],"wp:featuredmedia":[{"embeddable":true,"href":"https:\/\/tva.cv\/index.php\/wp-json\/wp\/v2\/media\/42278"}],"wp:attachment":[{"href":"https:\/\/tva.cv\/index.php\/wp-json\/wp\/v2\/media?parent=42277"}],"wp:term":[{"taxonomy":"category","embeddable":true,"href":"https:\/\/tva.cv\/index.php\/wp-json\/wp\/v2\/categories?post=42277"},{"taxonomy":"post_tag","embeddable":true,"href":"https:\/\/tva.cv\/index.php\/wp-json\/wp\/v2\/tags?post=42277"}],"curies":[{"name":"wp","href":"https:\/\/api.w.org\/{rel}","templated":true}]}}