{"id":42212,"date":"2025-12-23T10:44:24","date_gmt":"2025-12-23T11:44:24","guid":{"rendered":"https:\/\/tva.cv\/?p=42212"},"modified":"2025-12-23T10:44:24","modified_gmt":"2025-12-23T11:44:24","slug":"ministro-do-mar-garante-reassentamento-da-areia-acumulada-na-praia-de-bixi-rotxa","status":"publish","type":"post","link":"https:\/\/tva.cv\/index.php\/2025\/12\/23\/ministro-do-mar-garante-reassentamento-da-areia-acumulada-na-praia-de-bixi-rotxa\/","title":{"rendered":"Ministro do Mar garante reassentamento da areia acumulada na praia de Bixi Rotxa."},"content":{"rendered":"<p><iframe width=\"560\" height=\"315\" src=\"https:\/\/www.youtube.com\/embed\/NDlNj6pUdmw?si=nYGHontqyIB0tPD4\" title=\"YouTube video player\" frameborder=\"0\" allow=\"accelerometer; autoplay; clipboard-write; encrypted-media; gyroscope; picture-in-picture; web-share\" referrerpolicy=\"strict-origin-when-cross-origin\" allowfullscreen><\/iframe><br \/>\nO ministro do Mar, Jorge Santos, garantiu que a areia acumulada na praia de Bixi Rotxa, na ilha do Maio, na sequ\u00eancia do processo de desassoreamento do porto, ser\u00e1 reassentada numa \u00e1rea pr\u00f3xima \u00e0 infraestrutura portu\u00e1ria.<\/p>\n","protected":false},"excerpt":{"rendered":"<p>O ministro do Mar, Jorge Santos, garantiu que a areia acumulada na praia de Bixi Rotxa, na ilha do Maio, na sequ\u00eancia do processo de desassoreamento do porto, ser\u00e1 reassentada numa \u00e1rea pr\u00f3xima \u00e0 infraestrutura portu\u00e1ria.<\/p>\n","protected":false},"author":2,"featured_media":42213,"comment_status":"open","ping_status":"open","sticky":false,"template":"","format":"standard","meta":{"om_disable_all_campaigns":false,"_monsterinsights_skip_tracking":false,"_monsterinsights_sitenote_active":false,"_monsterinsights_sitenote_note":"","_monsterinsights_sitenote_category":0},"categories":[602],"tags":[586],"aioseo_notices":[],"_links":{"self":[{"href":"https:\/\/tva.cv\/index.php\/wp-json\/wp\/v2\/posts\/42212"}],"collection":[{"href":"https:\/\/tva.cv\/index.php\/wp-json\/wp\/v2\/posts"}],"about":[{"href":"https:\/\/tva.cv\/index.php\/wp-json\/wp\/v2\/types\/post"}],"author":[{"embeddable":true,"href":"https:\/\/tva.cv\/index.php\/wp-json\/wp\/v2\/users\/2"}],"replies":[{"embeddable":true,"href":"https:\/\/tva.cv\/index.php\/wp-json\/wp\/v2\/comments?post=42212"}],"version-history":[{"count":1,"href":"https:\/\/tva.cv\/index.php\/wp-json\/wp\/v2\/posts\/42212\/revisions"}],"predecessor-version":[{"id":42214,"href":"https:\/\/tva.cv\/index.php\/wp-json\/wp\/v2\/posts\/42212\/revisions\/42214"}],"wp:featuredmedia":[{"embeddable":true,"href":"https:\/\/tva.cv\/index.php\/wp-json\/wp\/v2\/media\/42213"}],"wp:attachment":[{"href":"https:\/\/tva.cv\/index.php\/wp-json\/wp\/v2\/media?parent=42212"}],"wp:term":[{"taxonomy":"category","embeddable":true,"href":"https:\/\/tva.cv\/index.php\/wp-json\/wp\/v2\/categories?post=42212"},{"taxonomy":"post_tag","embeddable":true,"href":"https:\/\/tva.cv\/index.php\/wp-json\/wp\/v2\/tags?post=42212"}],"curies":[{"name":"wp","href":"https:\/\/api.w.org\/{rel}","templated":true}]}}