{"id":42177,"date":"2025-12-11T11:15:37","date_gmt":"2025-12-11T12:15:37","guid":{"rendered":"https:\/\/tva.cv\/?p=42177"},"modified":"2025-12-11T11:15:37","modified_gmt":"2025-12-11T12:15:37","slug":"dia-internacional-dos-direitos-humanos","status":"publish","type":"post","link":"https:\/\/tva.cv\/index.php\/2025\/12\/11\/dia-internacional-dos-direitos-humanos\/","title":{"rendered":"Dia internacional dos direitos humanos."},"content":{"rendered":"<p><iframe width=\"560\" height=\"315\" src=\"https:\/\/www.youtube.com\/embed\/IsJoArN9xu4?si=KZTGlRqTn6dwqKqt\" title=\"YouTube video player\" frameborder=\"0\" allow=\"accelerometer; autoplay; clipboard-write; encrypted-media; gyroscope; picture-in-picture; web-share\" referrerpolicy=\"strict-origin-when-cross-origin\" allowfullscreen><\/iframe><br \/>\nCelebra-se \u00e0 10 de dezembro, o Dia Internacional dos Direitos Humanos, sob o lema \u201cDireitos Humanos: O essencial de cada dia\u201d. A data, criada pelas Na\u00e7\u00f5es Unidas em 1950, visa promover a defesa da dignidade, igualdade e justi\u00e7a, independentemente da diversidade ou origem.<\/p>\n","protected":false},"excerpt":{"rendered":"<p>Celebra-se \u00e0 10 de dezembro, o Dia Internacional dos Direitos Humanos, sob o lema \u201cDireitos Humanos: O essencial de cada dia\u201d. A data, criada pelas Na\u00e7\u00f5es Unidas em 1950, visa promover a defesa da dignidade, igualdade e justi\u00e7a, independentemente da diversidade ou origem.<\/p>\n","protected":false},"author":2,"featured_media":42178,"comment_status":"open","ping_status":"open","sticky":false,"template":"","format":"standard","meta":{"om_disable_all_campaigns":false,"_monsterinsights_skip_tracking":false,"_monsterinsights_sitenote_active":false,"_monsterinsights_sitenote_note":"","_monsterinsights_sitenote_category":0},"categories":[559],"tags":[586],"aioseo_notices":[],"_links":{"self":[{"href":"https:\/\/tva.cv\/index.php\/wp-json\/wp\/v2\/posts\/42177"}],"collection":[{"href":"https:\/\/tva.cv\/index.php\/wp-json\/wp\/v2\/posts"}],"about":[{"href":"https:\/\/tva.cv\/index.php\/wp-json\/wp\/v2\/types\/post"}],"author":[{"embeddable":true,"href":"https:\/\/tva.cv\/index.php\/wp-json\/wp\/v2\/users\/2"}],"replies":[{"embeddable":true,"href":"https:\/\/tva.cv\/index.php\/wp-json\/wp\/v2\/comments?post=42177"}],"version-history":[{"count":1,"href":"https:\/\/tva.cv\/index.php\/wp-json\/wp\/v2\/posts\/42177\/revisions"}],"predecessor-version":[{"id":42179,"href":"https:\/\/tva.cv\/index.php\/wp-json\/wp\/v2\/posts\/42177\/revisions\/42179"}],"wp:featuredmedia":[{"embeddable":true,"href":"https:\/\/tva.cv\/index.php\/wp-json\/wp\/v2\/media\/42178"}],"wp:attachment":[{"href":"https:\/\/tva.cv\/index.php\/wp-json\/wp\/v2\/media?parent=42177"}],"wp:term":[{"taxonomy":"category","embeddable":true,"href":"https:\/\/tva.cv\/index.php\/wp-json\/wp\/v2\/categories?post=42177"},{"taxonomy":"post_tag","embeddable":true,"href":"https:\/\/tva.cv\/index.php\/wp-json\/wp\/v2\/tags?post=42177"}],"curies":[{"name":"wp","href":"https:\/\/api.w.org\/{rel}","templated":true}]}}