{"id":42130,"date":"2025-12-09T08:57:56","date_gmt":"2025-12-09T09:57:56","guid":{"rendered":"https:\/\/tva.cv\/?p=42130"},"modified":"2025-12-09T08:57:56","modified_gmt":"2025-12-09T09:57:56","slug":"tribunal-da-praia-decreta-prisao-preventiva-a-tres-suspeitos-de-trafico-de-droga-e-armas","status":"publish","type":"post","link":"https:\/\/tva.cv\/index.php\/2025\/12\/09\/tribunal-da-praia-decreta-prisao-preventiva-a-tres-suspeitos-de-trafico-de-droga-e-armas\/","title":{"rendered":"Tribunal da Praia decreta pris\u00e3o preventiva a tr\u00eas suspeitos de tr\u00e1fico de droga e armas."},"content":{"rendered":"<p><iframe width=\"560\" height=\"315\" src=\"https:\/\/www.youtube.com\/embed\/NrL4djA2DR4?si=IfVNBsuU3mWBy1Qm\" title=\"YouTube video player\" frameborder=\"0\" allow=\"accelerometer; autoplay; clipboard-write; encrypted-media; gyroscope; picture-in-picture; web-share\" referrerpolicy=\"strict-origin-when-cross-origin\" allowfullscreen><\/iframe><br \/>\nO Tribunal da Comarca da Praia decretou pris\u00e3o preventiva para tr\u00eas indiv\u00edduos suspeitos de integrarem uma quadrilha envolvida em tr\u00e1fico de droga de alto risco, tr\u00e1fico de armas, motim, entre outros crimes, no \u00e2mbito da opera\u00e7\u00e3o denominada \u201cGangsta\u201d.<\/p>\n","protected":false},"excerpt":{"rendered":"<p>O Tribunal da Comarca da Praia decretou pris\u00e3o preventiva para tr\u00eas indiv\u00edduos suspeitos de integrarem uma quadrilha envolvida em tr\u00e1fico de droga de alto risco, tr\u00e1fico de armas, motim, entre outros crimes, no \u00e2mbito da opera\u00e7\u00e3o denominada \u201cGangsta\u201d.<\/p>\n","protected":false},"author":2,"featured_media":42131,"comment_status":"open","ping_status":"open","sticky":false,"template":"","format":"standard","meta":{"om_disable_all_campaigns":false,"_monsterinsights_skip_tracking":false,"_monsterinsights_sitenote_active":false,"_monsterinsights_sitenote_note":"","_monsterinsights_sitenote_category":0},"categories":[587],"tags":[586],"aioseo_notices":[],"_links":{"self":[{"href":"https:\/\/tva.cv\/index.php\/wp-json\/wp\/v2\/posts\/42130"}],"collection":[{"href":"https:\/\/tva.cv\/index.php\/wp-json\/wp\/v2\/posts"}],"about":[{"href":"https:\/\/tva.cv\/index.php\/wp-json\/wp\/v2\/types\/post"}],"author":[{"embeddable":true,"href":"https:\/\/tva.cv\/index.php\/wp-json\/wp\/v2\/users\/2"}],"replies":[{"embeddable":true,"href":"https:\/\/tva.cv\/index.php\/wp-json\/wp\/v2\/comments?post=42130"}],"version-history":[{"count":1,"href":"https:\/\/tva.cv\/index.php\/wp-json\/wp\/v2\/posts\/42130\/revisions"}],"predecessor-version":[{"id":42132,"href":"https:\/\/tva.cv\/index.php\/wp-json\/wp\/v2\/posts\/42130\/revisions\/42132"}],"wp:featuredmedia":[{"embeddable":true,"href":"https:\/\/tva.cv\/index.php\/wp-json\/wp\/v2\/media\/42131"}],"wp:attachment":[{"href":"https:\/\/tva.cv\/index.php\/wp-json\/wp\/v2\/media?parent=42130"}],"wp:term":[{"taxonomy":"category","embeddable":true,"href":"https:\/\/tva.cv\/index.php\/wp-json\/wp\/v2\/categories?post=42130"},{"taxonomy":"post_tag","embeddable":true,"href":"https:\/\/tva.cv\/index.php\/wp-json\/wp\/v2\/tags?post=42130"}],"curies":[{"name":"wp","href":"https:\/\/api.w.org\/{rel}","templated":true}]}}