{"id":42112,"date":"2025-12-02T10:55:57","date_gmt":"2025-12-02T11:55:57","guid":{"rendered":"https:\/\/tva.cv\/?p=42112"},"modified":"2025-12-02T10:55:57","modified_gmt":"2025-12-02T11:55:57","slug":"arda-sv-promove-conversa-aberta","status":"publish","type":"post","link":"https:\/\/tva.cv\/index.php\/2025\/12\/02\/arda-sv-promove-conversa-aberta\/","title":{"rendered":"ARDA-SV promove conversa aberta."},"content":{"rendered":"<p><iframe width=\"560\" height=\"315\" src=\"https:\/\/www.youtube.com\/embed\/yXCfOMJzfbM?si=LmKqll_Nh9mJl8UB\" title=\"YouTube video player\" frameborder=\"0\" allow=\"accelerometer; autoplay; clipboard-write; encrypted-media; gyroscope; picture-in-picture; web-share\" referrerpolicy=\"strict-origin-when-cross-origin\" allowfullscreen><\/iframe><br \/>\nA Associa\u00e7\u00e3o Regional de Desporto Adaptado de S\u00e3o Vicente, realizou uma roda de conversa aberta, com diversos jogos, na comunidade da Salamansa, com o objetivo de dar a conhecer a associa\u00e7\u00e3o e identificar talentos locais. A associa\u00e7\u00e3o procurou transmitir \u00e0 comunidade a import\u00e2ncia de apoiar, sobretudo, pessoas com defici\u00eancia a praticarem atividades de que gostam, contribuindo assim para a inclus\u00e3o social. Alguns representantes, incluindo atletas com defici\u00eancia, partilharam as suas experi\u00eancias e dificuldades, salientando a import\u00e2ncia do apoio familiar no seu dia a dia, especialmente no ambiente dom\u00e9stico.<\/p>\n","protected":false},"excerpt":{"rendered":"<p>A Associa\u00e7\u00e3o Regional de Desporto Adaptado de S\u00e3o Vicente, realizou uma roda de conversa aberta, com diversos jogos, na comunidade da Salamansa, com o objetivo de dar a conhecer a associa\u00e7\u00e3o e identificar talentos locais. A associa\u00e7\u00e3o procurou transmitir \u00e0 comunidade a import\u00e2ncia de apoiar, sobretudo, pessoas com defici\u00eancia a praticarem atividades de que gostam, contribuindo assim para a inclus\u00e3o social. Alguns representantes, incluindo atletas com defici\u00eancia, partilharam as suas experi\u00eancias e dificuldades, salientando a import\u00e2ncia do apoio familiar no seu dia a dia, especialmente no ambiente dom\u00e9stico.<\/p>\n","protected":false},"author":2,"featured_media":42113,"comment_status":"open","ping_status":"open","sticky":false,"template":"","format":"standard","meta":{"om_disable_all_campaigns":false,"_monsterinsights_skip_tracking":false,"_monsterinsights_sitenote_active":false,"_monsterinsights_sitenote_note":"","_monsterinsights_sitenote_category":0},"categories":[566],"tags":[586],"aioseo_notices":[],"_links":{"self":[{"href":"https:\/\/tva.cv\/index.php\/wp-json\/wp\/v2\/posts\/42112"}],"collection":[{"href":"https:\/\/tva.cv\/index.php\/wp-json\/wp\/v2\/posts"}],"about":[{"href":"https:\/\/tva.cv\/index.php\/wp-json\/wp\/v2\/types\/post"}],"author":[{"embeddable":true,"href":"https:\/\/tva.cv\/index.php\/wp-json\/wp\/v2\/users\/2"}],"replies":[{"embeddable":true,"href":"https:\/\/tva.cv\/index.php\/wp-json\/wp\/v2\/comments?post=42112"}],"version-history":[{"count":1,"href":"https:\/\/tva.cv\/index.php\/wp-json\/wp\/v2\/posts\/42112\/revisions"}],"predecessor-version":[{"id":42114,"href":"https:\/\/tva.cv\/index.php\/wp-json\/wp\/v2\/posts\/42112\/revisions\/42114"}],"wp:featuredmedia":[{"embeddable":true,"href":"https:\/\/tva.cv\/index.php\/wp-json\/wp\/v2\/media\/42113"}],"wp:attachment":[{"href":"https:\/\/tva.cv\/index.php\/wp-json\/wp\/v2\/media?parent=42112"}],"wp:term":[{"taxonomy":"category","embeddable":true,"href":"https:\/\/tva.cv\/index.php\/wp-json\/wp\/v2\/categories?post=42112"},{"taxonomy":"post_tag","embeddable":true,"href":"https:\/\/tva.cv\/index.php\/wp-json\/wp\/v2\/tags?post=42112"}],"curies":[{"name":"wp","href":"https:\/\/api.w.org\/{rel}","templated":true}]}}