{"id":41971,"date":"2025-09-16T10:11:24","date_gmt":"2025-09-16T11:11:24","guid":{"rendered":"https:\/\/tva.cv\/?p=41971"},"modified":"2025-09-16T10:11:24","modified_gmt":"2025-09-16T11:11:24","slug":"homem-detido-em-flagrante-delito-por-vandalismo-a-viaturas-e-instituicoes-publicas-e-privadas","status":"publish","type":"post","link":"https:\/\/tva.cv\/index.php\/2025\/09\/16\/homem-detido-em-flagrante-delito-por-vandalismo-a-viaturas-e-instituicoes-publicas-e-privadas\/","title":{"rendered":"Homem detido em flagrante delito por vandalismo a viaturas e institui\u00e7\u00f5es p\u00fablicas e privadas"},"content":{"rendered":"<p><iframe width=\"560\" height=\"315\" src=\"https:\/\/www.youtube.com\/embed\/rhbh9mOC8lU?si=6NjLzGofATgwYoQa\" title=\"YouTube video player\" frameborder=\"0\" allow=\"accelerometer; autoplay; clipboard-write; encrypted-media; gyroscope; picture-in-picture; web-share\" referrerpolicy=\"strict-origin-when-cross-origin\" allowfullscreen><\/iframe><br \/>\nUm homem foi detido pela Pol\u00edcia Nacional na madrugada de hoje, no Mindelo, por vandalismo a viaturas e tamb\u00e9m a montras de diversas institui\u00e7\u00f5es p\u00fablicas e privadas. Conforme informa\u00e7\u00f5es de fonte policial foi detido em flagrante delito.<\/p>\n","protected":false},"excerpt":{"rendered":"<p>Um homem foi detido pela Pol\u00edcia Nacional na madrugada de hoje, no Mindelo, por vandalismo a viaturas e tamb\u00e9m a montras de diversas institui\u00e7\u00f5es p\u00fablicas e privadas. Conforme informa\u00e7\u00f5es de fonte policial foi detido em flagrante delito.<\/p>\n","protected":false},"author":2,"featured_media":41972,"comment_status":"open","ping_status":"open","sticky":false,"template":"","format":"standard","meta":{"om_disable_all_campaigns":false,"_monsterinsights_skip_tracking":false,"_monsterinsights_sitenote_active":false,"_monsterinsights_sitenote_note":"","_monsterinsights_sitenote_category":0},"categories":[587],"tags":[586],"aioseo_notices":[],"_links":{"self":[{"href":"https:\/\/tva.cv\/index.php\/wp-json\/wp\/v2\/posts\/41971"}],"collection":[{"href":"https:\/\/tva.cv\/index.php\/wp-json\/wp\/v2\/posts"}],"about":[{"href":"https:\/\/tva.cv\/index.php\/wp-json\/wp\/v2\/types\/post"}],"author":[{"embeddable":true,"href":"https:\/\/tva.cv\/index.php\/wp-json\/wp\/v2\/users\/2"}],"replies":[{"embeddable":true,"href":"https:\/\/tva.cv\/index.php\/wp-json\/wp\/v2\/comments?post=41971"}],"version-history":[{"count":1,"href":"https:\/\/tva.cv\/index.php\/wp-json\/wp\/v2\/posts\/41971\/revisions"}],"predecessor-version":[{"id":41973,"href":"https:\/\/tva.cv\/index.php\/wp-json\/wp\/v2\/posts\/41971\/revisions\/41973"}],"wp:featuredmedia":[{"embeddable":true,"href":"https:\/\/tva.cv\/index.php\/wp-json\/wp\/v2\/media\/41972"}],"wp:attachment":[{"href":"https:\/\/tva.cv\/index.php\/wp-json\/wp\/v2\/media?parent=41971"}],"wp:term":[{"taxonomy":"category","embeddable":true,"href":"https:\/\/tva.cv\/index.php\/wp-json\/wp\/v2\/categories?post=41971"},{"taxonomy":"post_tag","embeddable":true,"href":"https:\/\/tva.cv\/index.php\/wp-json\/wp\/v2\/tags?post=41971"}],"curies":[{"name":"wp","href":"https:\/\/api.w.org\/{rel}","templated":true}]}}