{"id":41871,"date":"2025-08-08T15:15:01","date_gmt":"2025-08-08T16:15:01","guid":{"rendered":"https:\/\/tva.cv\/?p=41871"},"modified":"2025-08-08T15:15:01","modified_gmt":"2025-08-08T16:15:01","slug":"individuo-que-fugiu-do-tribunal-de-sao-vicente-no-mes-de-julho-continua-a-monte","status":"publish","type":"post","link":"https:\/\/tva.cv\/index.php\/2025\/08\/08\/individuo-que-fugiu-do-tribunal-de-sao-vicente-no-mes-de-julho-continua-a-monte\/","title":{"rendered":"Indiv\u00edduo que fugiu do Tribunal de S\u00e3o Vicente no m\u00eas de julho continua a monte"},"content":{"rendered":"<p><iframe width=\"560\" height=\"315\" src=\"https:\/\/www.youtube.com\/embed\/VOOqvssVbAE?si=lSNKwTJvqaLzDjzt\" title=\"YouTube video player\" frameborder=\"0\" allow=\"accelerometer; autoplay; clipboard-write; encrypted-media; gyroscope; picture-in-picture; web-share\" referrerpolicy=\"strict-origin-when-cross-origin\" allowfullscreen><\/iframe><br \/>\nO indiv\u00edduo que fugiu das instala\u00e7\u00f5es do tribunal da comarca de S\u00e3o Vicente h\u00e1 pouco mais de um m\u00eas continua foragido, confirmou hoje \u00e0 Inforpress fonte da Pol\u00edcia Judici\u00e1ria. De real\u00e7ar que o indiv\u00edduo em causa, conhecido por Alex Sete Esp\u00edrito saiu h\u00e1 alguns meses da Cadeia de S\u00e3o Vicente, onde cumpriu uma pena de mais de sete anos por crimes de roubo.<\/p>\n","protected":false},"excerpt":{"rendered":"<p>O indiv\u00edduo que fugiu das instala\u00e7\u00f5es do tribunal da comarca de S\u00e3o Vicente h\u00e1 pouco mais de um m\u00eas continua foragido, confirmou hoje \u00e0 Inforpress fonte da Pol\u00edcia Judici\u00e1ria. De real\u00e7ar que o indiv\u00edduo em causa, conhecido por Alex Sete Esp\u00edrito saiu h\u00e1 alguns meses da Cadeia de S\u00e3o Vicente, onde cumpriu uma pena de mais de sete anos por crimes de roubo.<\/p>\n","protected":false},"author":2,"featured_media":41872,"comment_status":"open","ping_status":"open","sticky":false,"template":"","format":"standard","meta":{"om_disable_all_campaigns":false,"_monsterinsights_skip_tracking":false,"_monsterinsights_sitenote_active":false,"_monsterinsights_sitenote_note":"","_monsterinsights_sitenote_category":0},"categories":[587],"tags":[586],"aioseo_notices":[],"_links":{"self":[{"href":"https:\/\/tva.cv\/index.php\/wp-json\/wp\/v2\/posts\/41871"}],"collection":[{"href":"https:\/\/tva.cv\/index.php\/wp-json\/wp\/v2\/posts"}],"about":[{"href":"https:\/\/tva.cv\/index.php\/wp-json\/wp\/v2\/types\/post"}],"author":[{"embeddable":true,"href":"https:\/\/tva.cv\/index.php\/wp-json\/wp\/v2\/users\/2"}],"replies":[{"embeddable":true,"href":"https:\/\/tva.cv\/index.php\/wp-json\/wp\/v2\/comments?post=41871"}],"version-history":[{"count":1,"href":"https:\/\/tva.cv\/index.php\/wp-json\/wp\/v2\/posts\/41871\/revisions"}],"predecessor-version":[{"id":41873,"href":"https:\/\/tva.cv\/index.php\/wp-json\/wp\/v2\/posts\/41871\/revisions\/41873"}],"wp:featuredmedia":[{"embeddable":true,"href":"https:\/\/tva.cv\/index.php\/wp-json\/wp\/v2\/media\/41872"}],"wp:attachment":[{"href":"https:\/\/tva.cv\/index.php\/wp-json\/wp\/v2\/media?parent=41871"}],"wp:term":[{"taxonomy":"category","embeddable":true,"href":"https:\/\/tva.cv\/index.php\/wp-json\/wp\/v2\/categories?post=41871"},{"taxonomy":"post_tag","embeddable":true,"href":"https:\/\/tva.cv\/index.php\/wp-json\/wp\/v2\/tags?post=41871"}],"curies":[{"name":"wp","href":"https:\/\/api.w.org\/{rel}","templated":true}]}}