{"id":41868,"date":"2025-08-08T15:09:28","date_gmt":"2025-08-08T16:09:28","guid":{"rendered":"https:\/\/tva.cv\/?p=41868"},"modified":"2025-08-08T15:09:28","modified_gmt":"2025-08-08T16:09:28","slug":"eris-proibe-uso-de-composto-toxico-em-vernizes-de-gel","status":"publish","type":"post","link":"https:\/\/tva.cv\/index.php\/2025\/08\/08\/eris-proibe-uso-de-composto-toxico-em-vernizes-de-gel\/","title":{"rendered":"ERIS pro\u00edbe uso de composto t\u00f3xico em vernizes de gel"},"content":{"rendered":"<p><iframe width=\"560\" height=\"315\" src=\"https:\/\/www.youtube.com\/embed\/DmgDWR9vIp8?si=IMDSXqTWibPqfwKa\" title=\"YouTube video player\" frameborder=\"0\" allow=\"accelerometer; autoplay; clipboard-write; encrypted-media; gyroscope; picture-in-picture; web-share\" referrerpolicy=\"strict-origin-when-cross-origin\" allowfullscreen><\/iframe><br \/>\nA Entidade Reguladora Independente da Sa\u00fade, anunciou ontem a proibi\u00e7\u00e3o, a partir de 1 de setembro de 2025, do uso do composto qu\u00edmico TPO em produtos cosm\u00e9ticos, especialmente vernizes de gel. A medida visa proteger a sa\u00fade p\u00fablica, ap\u00f3s a subst\u00e2ncia ter sido classificada como t\u00f3xica para a reprodu\u00e7\u00e3o. A nossa equipa saiu \u00e0s ruas para saber se profissionais e clientes da \u00e1rea da est\u00e9tica est\u00e3o conscientes dos riscos e preparados para as mudan\u00e7as. Alguns Profissionais da est\u00e9tica manifestam preocupa\u00e7\u00e3o com impacto nos neg\u00f3cios, mas apoiam medida em nome da sa\u00fade p\u00fablica. No entanto apelam por alternativas seguras que garantam a continuidade do trabalho.<\/p>\n","protected":false},"excerpt":{"rendered":"<p>A Entidade Reguladora Independente da Sa\u00fade, anunciou ontem a proibi\u00e7\u00e3o, a partir de 1 de setembro de 2025, do uso do composto qu\u00edmico TPO em produtos cosm\u00e9ticos, especialmente vernizes de gel. A medida visa proteger a sa\u00fade p\u00fablica, ap\u00f3s a subst\u00e2ncia ter sido classificada como t\u00f3xica para a reprodu\u00e7\u00e3o. A nossa equipa saiu \u00e0s ruas para saber se profissionais e clientes da \u00e1rea da est\u00e9tica est\u00e3o conscientes dos riscos e preparados para as mudan\u00e7as. Alguns Profissionais da est\u00e9tica manifestam preocupa\u00e7\u00e3o com impacto nos neg\u00f3cios, mas apoiam medida em nome da sa\u00fade p\u00fablica. No entanto apelam por alternativas seguras que garantam [&hellip;]<\/p>\n","protected":false},"author":2,"featured_media":41869,"comment_status":"open","ping_status":"open","sticky":false,"template":"","format":"standard","meta":{"om_disable_all_campaigns":false,"_monsterinsights_skip_tracking":false,"_monsterinsights_sitenote_active":false,"_monsterinsights_sitenote_note":"","_monsterinsights_sitenote_category":0},"categories":[602],"tags":[586],"aioseo_notices":[],"_links":{"self":[{"href":"https:\/\/tva.cv\/index.php\/wp-json\/wp\/v2\/posts\/41868"}],"collection":[{"href":"https:\/\/tva.cv\/index.php\/wp-json\/wp\/v2\/posts"}],"about":[{"href":"https:\/\/tva.cv\/index.php\/wp-json\/wp\/v2\/types\/post"}],"author":[{"embeddable":true,"href":"https:\/\/tva.cv\/index.php\/wp-json\/wp\/v2\/users\/2"}],"replies":[{"embeddable":true,"href":"https:\/\/tva.cv\/index.php\/wp-json\/wp\/v2\/comments?post=41868"}],"version-history":[{"count":1,"href":"https:\/\/tva.cv\/index.php\/wp-json\/wp\/v2\/posts\/41868\/revisions"}],"predecessor-version":[{"id":41870,"href":"https:\/\/tva.cv\/index.php\/wp-json\/wp\/v2\/posts\/41868\/revisions\/41870"}],"wp:featuredmedia":[{"embeddable":true,"href":"https:\/\/tva.cv\/index.php\/wp-json\/wp\/v2\/media\/41869"}],"wp:attachment":[{"href":"https:\/\/tva.cv\/index.php\/wp-json\/wp\/v2\/media?parent=41868"}],"wp:term":[{"taxonomy":"category","embeddable":true,"href":"https:\/\/tva.cv\/index.php\/wp-json\/wp\/v2\/categories?post=41868"},{"taxonomy":"post_tag","embeddable":true,"href":"https:\/\/tva.cv\/index.php\/wp-json\/wp\/v2\/tags?post=41868"}],"curies":[{"name":"wp","href":"https:\/\/api.w.org\/{rel}","templated":true}]}}