{"id":41795,"date":"2025-07-28T17:50:51","date_gmt":"2025-07-28T18:50:51","guid":{"rendered":"https:\/\/tva.cv\/?p=41795"},"modified":"2025-07-28T17:50:51","modified_gmt":"2025-07-28T18:50:51","slug":"nova-lista-nacional-de-medicamentos","status":"publish","type":"post","link":"https:\/\/tva.cv\/index.php\/2025\/07\/28\/nova-lista-nacional-de-medicamentos\/","title":{"rendered":"Nova Lista Nacional de Medicamentos"},"content":{"rendered":"<p><iframe width=\"560\" height=\"315\" src=\"https:\/\/www.youtube.com\/embed\/oTY4pgfskmk?si=ma9zd5hSOzVDk2O8\" title=\"YouTube video player\" frameborder=\"0\" allow=\"accelerometer; autoplay; clipboard-write; encrypted-media; gyroscope; picture-in-picture; web-share\" referrerpolicy=\"strict-origin-when-cross-origin\" allowfullscreen><\/iframe><br \/>\nO Conselho Nacional de Medicamentos reuniu esta segunda-feira, para validar a proposta de revis\u00e3o da Lista Nacional de Medicamentos, que n\u00e3o era atualizada desde 2009. A nova vers\u00e3o, em prepara\u00e7\u00e3o desde 2022, prop\u00f5e uma expans\u00e3o significativa da lista, com o objetivo de melhorar a resposta terap\u00eautica e garantir maior acessibilidade dos utentes aos tratamentos.<\/p>\n","protected":false},"excerpt":{"rendered":"<p>O Conselho Nacional de Medicamentos reuniu esta segunda-feira, para validar a proposta de revis\u00e3o da Lista Nacional de Medicamentos, que n\u00e3o era atualizada desde 2009. A nova vers\u00e3o, em prepara\u00e7\u00e3o desde 2022, prop\u00f5e uma expans\u00e3o significativa da lista, com o objetivo de melhorar a resposta terap\u00eautica e garantir maior acessibilidade dos utentes aos tratamentos.<\/p>\n","protected":false},"author":2,"featured_media":41796,"comment_status":"open","ping_status":"open","sticky":false,"template":"","format":"standard","meta":{"om_disable_all_campaigns":false,"_monsterinsights_skip_tracking":false,"_monsterinsights_sitenote_active":false,"_monsterinsights_sitenote_note":"","_monsterinsights_sitenote_category":0},"categories":[560],"tags":[586],"aioseo_notices":[],"_links":{"self":[{"href":"https:\/\/tva.cv\/index.php\/wp-json\/wp\/v2\/posts\/41795"}],"collection":[{"href":"https:\/\/tva.cv\/index.php\/wp-json\/wp\/v2\/posts"}],"about":[{"href":"https:\/\/tva.cv\/index.php\/wp-json\/wp\/v2\/types\/post"}],"author":[{"embeddable":true,"href":"https:\/\/tva.cv\/index.php\/wp-json\/wp\/v2\/users\/2"}],"replies":[{"embeddable":true,"href":"https:\/\/tva.cv\/index.php\/wp-json\/wp\/v2\/comments?post=41795"}],"version-history":[{"count":1,"href":"https:\/\/tva.cv\/index.php\/wp-json\/wp\/v2\/posts\/41795\/revisions"}],"predecessor-version":[{"id":41797,"href":"https:\/\/tva.cv\/index.php\/wp-json\/wp\/v2\/posts\/41795\/revisions\/41797"}],"wp:featuredmedia":[{"embeddable":true,"href":"https:\/\/tva.cv\/index.php\/wp-json\/wp\/v2\/media\/41796"}],"wp:attachment":[{"href":"https:\/\/tva.cv\/index.php\/wp-json\/wp\/v2\/media?parent=41795"}],"wp:term":[{"taxonomy":"category","embeddable":true,"href":"https:\/\/tva.cv\/index.php\/wp-json\/wp\/v2\/categories?post=41795"},{"taxonomy":"post_tag","embeddable":true,"href":"https:\/\/tva.cv\/index.php\/wp-json\/wp\/v2\/tags?post=41795"}],"curies":[{"name":"wp","href":"https:\/\/api.w.org\/{rel}","templated":true}]}}