{"id":41680,"date":"2025-07-22T09:11:36","date_gmt":"2025-07-22T10:11:36","guid":{"rendered":"https:\/\/tva.cv\/?p=41680"},"modified":"2025-07-22T09:11:36","modified_gmt":"2025-07-22T10:11:36","slug":"campos-da-matematica-na-unicv","status":"publish","type":"post","link":"https:\/\/tva.cv\/index.php\/2025\/07\/22\/campos-da-matematica-na-unicv\/","title":{"rendered":"Campos da Matem\u00e1tica na UNICV"},"content":{"rendered":"<p><iframe width=\"560\" height=\"315\" src=\"https:\/\/www.youtube.com\/embed\/NIQ4XbUmSsc?si=LF9VWZ3oZB7hnTA7\" title=\"YouTube video player\" frameborder=\"0\" allow=\"accelerometer; autoplay; clipboard-write; encrypted-media; gyroscope; picture-in-picture; web-share\" referrerpolicy=\"strict-origin-when-cross-origin\" allowfullscreen><\/iframe><br \/>\nA Universidade de Cabo Verde, em parceria com a Funda\u00e7\u00e3o Calouste Gulbenkian, realiza de 21 de julho a 1 de agosto de 2025, a quinta edi\u00e7\u00e3o do projeto &#8220;Campos da Matem\u00e1tica&#8221;, destinado a<br \/>\nestudantes do ensino secund\u00e1rio, envolvendo alunos do 10\u00ba ano das ilhas de Sotavento. O evento procura transformar a perce\u00e7\u00e3o negativa dos alunos em rela\u00e7\u00e3o \u00e0 matem\u00e1tica, apresentando-a<br \/>\ncomo uma disciplina acess\u00edvel, pr\u00e1tica e divertida, visando reduzir o insucesso escolar na disciplina de matem\u00e1tica atrav\u00e9s de m\u00e9todos inovadores e atividades pr\u00e1ticas.<\/p>\n","protected":false},"excerpt":{"rendered":"<p>A Universidade de Cabo Verde, em parceria com a Funda\u00e7\u00e3o Calouste Gulbenkian, realiza de 21 de julho a 1 de agosto de 2025, a quinta edi\u00e7\u00e3o do projeto &#8220;Campos da Matem\u00e1tica&#8221;, destinado a estudantes do ensino secund\u00e1rio, envolvendo alunos do 10\u00ba ano das ilhas de Sotavento. O evento procura transformar a perce\u00e7\u00e3o negativa dos alunos em rela\u00e7\u00e3o \u00e0 matem\u00e1tica, apresentando-a como uma disciplina acess\u00edvel, pr\u00e1tica e divertida, visando reduzir o insucesso escolar na disciplina de matem\u00e1tica atrav\u00e9s de m\u00e9todos inovadores e atividades pr\u00e1ticas.<\/p>\n","protected":false},"author":2,"featured_media":41681,"comment_status":"open","ping_status":"open","sticky":false,"template":"","format":"standard","meta":{"om_disable_all_campaigns":false,"_monsterinsights_skip_tracking":false,"_monsterinsights_sitenote_active":false,"_monsterinsights_sitenote_note":"","_monsterinsights_sitenote_category":0},"categories":[561],"tags":[586],"aioseo_notices":[],"_links":{"self":[{"href":"https:\/\/tva.cv\/index.php\/wp-json\/wp\/v2\/posts\/41680"}],"collection":[{"href":"https:\/\/tva.cv\/index.php\/wp-json\/wp\/v2\/posts"}],"about":[{"href":"https:\/\/tva.cv\/index.php\/wp-json\/wp\/v2\/types\/post"}],"author":[{"embeddable":true,"href":"https:\/\/tva.cv\/index.php\/wp-json\/wp\/v2\/users\/2"}],"replies":[{"embeddable":true,"href":"https:\/\/tva.cv\/index.php\/wp-json\/wp\/v2\/comments?post=41680"}],"version-history":[{"count":1,"href":"https:\/\/tva.cv\/index.php\/wp-json\/wp\/v2\/posts\/41680\/revisions"}],"predecessor-version":[{"id":41682,"href":"https:\/\/tva.cv\/index.php\/wp-json\/wp\/v2\/posts\/41680\/revisions\/41682"}],"wp:featuredmedia":[{"embeddable":true,"href":"https:\/\/tva.cv\/index.php\/wp-json\/wp\/v2\/media\/41681"}],"wp:attachment":[{"href":"https:\/\/tva.cv\/index.php\/wp-json\/wp\/v2\/media?parent=41680"}],"wp:term":[{"taxonomy":"category","embeddable":true,"href":"https:\/\/tva.cv\/index.php\/wp-json\/wp\/v2\/categories?post=41680"},{"taxonomy":"post_tag","embeddable":true,"href":"https:\/\/tva.cv\/index.php\/wp-json\/wp\/v2\/tags?post=41680"}],"curies":[{"name":"wp","href":"https:\/\/api.w.org\/{rel}","templated":true}]}}