{"id":41429,"date":"2025-06-19T09:13:36","date_gmt":"2025-06-19T10:13:36","guid":{"rendered":"https:\/\/tva.cv\/?p=41429"},"modified":"2025-06-19T09:13:36","modified_gmt":"2025-06-19T10:13:36","slug":"advogado-condenado-a-oito-anos-de-prisao-por-abuso-sexual-de-menor","status":"publish","type":"post","link":"https:\/\/tva.cv\/index.php\/2025\/06\/19\/advogado-condenado-a-oito-anos-de-prisao-por-abuso-sexual-de-menor\/","title":{"rendered":"Advogado condenado a oito anos de pris\u00e3o por abuso sexual de menor"},"content":{"rendered":"<p><iframe width=\"560\" height=\"315\" src=\"https:\/\/www.youtube.com\/embed\/qZZbD6FyXeg?si=1LeK9_cQwc3g_BEN\" title=\"YouTube video player\" frameborder=\"0\" allow=\"accelerometer; autoplay; clipboard-write; encrypted-media; gyroscope; picture-in-picture; web-share\" referrerpolicy=\"strict-origin-when-cross-origin\" allowfullscreen><\/iframe><br \/>\nUm advogado foi condenado a oito anos de pris\u00e3o efetiva pela pr\u00e1tica de tr\u00eas crimes de abuso sexual contra uma menor de 13 anos, ocorridos em 2020. O Tribunal da Comarca de S\u00e3o Filipe considerou provados os crimes, cuja moldura penal poderia chegar a seis anos por crime, mas aplicou uma pena \u00fanica superior devido \u00e0 gravidade dos atos e \u00e0 condi\u00e7\u00e3o do arguido como profissional do Direito.<\/p>\n","protected":false},"excerpt":{"rendered":"<p>Um advogado foi condenado a oito anos de pris\u00e3o efetiva pela pr\u00e1tica de tr\u00eas crimes de abuso sexual contra uma menor de 13 anos, ocorridos em 2020. O Tribunal da Comarca de S\u00e3o Filipe considerou provados os crimes, cuja moldura penal poderia chegar a seis anos por crime, mas aplicou uma pena \u00fanica superior devido \u00e0 gravidade dos atos e \u00e0 condi\u00e7\u00e3o do arguido como profissional do Direito.<\/p>\n","protected":false},"author":2,"featured_media":41430,"comment_status":"open","ping_status":"open","sticky":false,"template":"","format":"standard","meta":{"om_disable_all_campaigns":false,"_monsterinsights_skip_tracking":false,"_monsterinsights_sitenote_active":false,"_monsterinsights_sitenote_note":"","_monsterinsights_sitenote_category":0},"categories":[587],"tags":[586],"aioseo_notices":[],"_links":{"self":[{"href":"https:\/\/tva.cv\/index.php\/wp-json\/wp\/v2\/posts\/41429"}],"collection":[{"href":"https:\/\/tva.cv\/index.php\/wp-json\/wp\/v2\/posts"}],"about":[{"href":"https:\/\/tva.cv\/index.php\/wp-json\/wp\/v2\/types\/post"}],"author":[{"embeddable":true,"href":"https:\/\/tva.cv\/index.php\/wp-json\/wp\/v2\/users\/2"}],"replies":[{"embeddable":true,"href":"https:\/\/tva.cv\/index.php\/wp-json\/wp\/v2\/comments?post=41429"}],"version-history":[{"count":1,"href":"https:\/\/tva.cv\/index.php\/wp-json\/wp\/v2\/posts\/41429\/revisions"}],"predecessor-version":[{"id":41431,"href":"https:\/\/tva.cv\/index.php\/wp-json\/wp\/v2\/posts\/41429\/revisions\/41431"}],"wp:featuredmedia":[{"embeddable":true,"href":"https:\/\/tva.cv\/index.php\/wp-json\/wp\/v2\/media\/41430"}],"wp:attachment":[{"href":"https:\/\/tva.cv\/index.php\/wp-json\/wp\/v2\/media?parent=41429"}],"wp:term":[{"taxonomy":"category","embeddable":true,"href":"https:\/\/tva.cv\/index.php\/wp-json\/wp\/v2\/categories?post=41429"},{"taxonomy":"post_tag","embeddable":true,"href":"https:\/\/tva.cv\/index.php\/wp-json\/wp\/v2\/tags?post=41429"}],"curies":[{"name":"wp","href":"https:\/\/api.w.org\/{rel}","templated":true}]}}