{"id":41418,"date":"2025-06-11T18:56:05","date_gmt":"2025-06-11T19:56:05","guid":{"rendered":"https:\/\/tva.cv\/?p=41418"},"modified":"2025-06-11T18:56:05","modified_gmt":"2025-06-11T19:56:05","slug":"sindep-exige-acao-urgente-face-a-atrasos-e-falhas-na-carreira-docente","status":"publish","type":"post","link":"https:\/\/tva.cv\/index.php\/2025\/06\/11\/sindep-exige-acao-urgente-face-a-atrasos-e-falhas-na-carreira-docente\/","title":{"rendered":"SINDEP exige a\u00e7\u00e3o urgente face a atrasos e falhas na carreira docente"},"content":{"rendered":"<p><iframe width=\"560\" height=\"315\" src=\"https:\/\/www.youtube.com\/embed\/2M-fPlYJ4Z4?si=rj1VOVMgwlzMfwFd\" title=\"YouTube video player\" frameborder=\"0\" allow=\"accelerometer; autoplay; clipboard-write; encrypted-media; gyroscope; picture-in-picture; web-share\" referrerpolicy=\"strict-origin-when-cross-origin\" allowfullscreen><\/iframe><br \/>\nO presidente do Sindicato Nacional dos Professores, Jorge Cardoso, manifestou hoje o crescente descontentamento dos docentes, apelando ao Minist\u00e9rio da Educa\u00e7\u00e3o para que intervenha com urg\u00eancia na melhoria das condi\u00e7\u00f5es da classe.<\/p>\n","protected":false},"excerpt":{"rendered":"<p>O presidente do Sindicato Nacional dos Professores, Jorge Cardoso, manifestou hoje o crescente descontentamento dos docentes, apelando ao Minist\u00e9rio da Educa\u00e7\u00e3o para que intervenha com urg\u00eancia na melhoria das condi\u00e7\u00f5es da classe.<\/p>\n","protected":false},"author":2,"featured_media":41419,"comment_status":"open","ping_status":"open","sticky":false,"template":"","format":"standard","meta":{"om_disable_all_campaigns":false,"_monsterinsights_skip_tracking":false,"_monsterinsights_sitenote_active":false,"_monsterinsights_sitenote_note":"","_monsterinsights_sitenote_category":0},"categories":[561],"tags":[586],"aioseo_notices":[],"_links":{"self":[{"href":"https:\/\/tva.cv\/index.php\/wp-json\/wp\/v2\/posts\/41418"}],"collection":[{"href":"https:\/\/tva.cv\/index.php\/wp-json\/wp\/v2\/posts"}],"about":[{"href":"https:\/\/tva.cv\/index.php\/wp-json\/wp\/v2\/types\/post"}],"author":[{"embeddable":true,"href":"https:\/\/tva.cv\/index.php\/wp-json\/wp\/v2\/users\/2"}],"replies":[{"embeddable":true,"href":"https:\/\/tva.cv\/index.php\/wp-json\/wp\/v2\/comments?post=41418"}],"version-history":[{"count":1,"href":"https:\/\/tva.cv\/index.php\/wp-json\/wp\/v2\/posts\/41418\/revisions"}],"predecessor-version":[{"id":41420,"href":"https:\/\/tva.cv\/index.php\/wp-json\/wp\/v2\/posts\/41418\/revisions\/41420"}],"wp:featuredmedia":[{"embeddable":true,"href":"https:\/\/tva.cv\/index.php\/wp-json\/wp\/v2\/media\/41419"}],"wp:attachment":[{"href":"https:\/\/tva.cv\/index.php\/wp-json\/wp\/v2\/media?parent=41418"}],"wp:term":[{"taxonomy":"category","embeddable":true,"href":"https:\/\/tva.cv\/index.php\/wp-json\/wp\/v2\/categories?post=41418"},{"taxonomy":"post_tag","embeddable":true,"href":"https:\/\/tva.cv\/index.php\/wp-json\/wp\/v2\/tags?post=41418"}],"curies":[{"name":"wp","href":"https:\/\/api.w.org\/{rel}","templated":true}]}}