{"id":41409,"date":"2025-06-11T18:42:00","date_gmt":"2025-06-11T19:42:00","guid":{"rendered":"https:\/\/tva.cv\/?p=41409"},"modified":"2025-06-11T18:42:00","modified_gmt":"2025-06-11T19:42:00","slug":"cabo-verde-lidera-crescimento-economico-entre-os-palop","status":"publish","type":"post","link":"https:\/\/tva.cv\/index.php\/2025\/06\/11\/cabo-verde-lidera-crescimento-economico-entre-os-palop\/","title":{"rendered":"Cabo Verde lidera crescimento econ\u00f3mico entre os PALOP"},"content":{"rendered":"<p><iframe width=\"560\" height=\"315\" src=\"https:\/\/www.youtube.com\/embed\/adITOUIQTGY?si=ygIlVVoyIobuAzFc\" title=\"YouTube video player\" frameborder=\"0\" allow=\"accelerometer; autoplay; clipboard-write; encrypted-media; gyroscope; picture-in-picture; web-share\" referrerpolicy=\"strict-origin-when-cross-origin\" allowfullscreen><\/iframe><br \/>\nCabo Verde \u00e9 apontado como o pa\u00eds lus\u00f3fono africano com maior crescimento econ\u00f3mico em 2025, segundo as mais recentes previs\u00f5es do Banco Mundial. O arquip\u00e9lago dever\u00e1 registar uma expans\u00e3o de 5,9% do Produto Interno Bruto este ano e 5,3% no pr\u00f3ximo, superando os restantes PALOP.<\/p>\n","protected":false},"excerpt":{"rendered":"<p>Cabo Verde \u00e9 apontado como o pa\u00eds lus\u00f3fono africano com maior crescimento econ\u00f3mico em 2025, segundo as mais recentes previs\u00f5es do Banco Mundial. O arquip\u00e9lago dever\u00e1 registar uma expans\u00e3o de 5,9% do Produto Interno Bruto este ano e 5,3% no pr\u00f3ximo, superando os restantes PALOP.<\/p>\n","protected":false},"author":2,"featured_media":41410,"comment_status":"open","ping_status":"open","sticky":false,"template":"","format":"standard","meta":{"om_disable_all_campaigns":false,"_monsterinsights_skip_tracking":false,"_monsterinsights_sitenote_active":false,"_monsterinsights_sitenote_note":"","_monsterinsights_sitenote_category":0},"categories":[558],"tags":[586],"aioseo_notices":[],"_links":{"self":[{"href":"https:\/\/tva.cv\/index.php\/wp-json\/wp\/v2\/posts\/41409"}],"collection":[{"href":"https:\/\/tva.cv\/index.php\/wp-json\/wp\/v2\/posts"}],"about":[{"href":"https:\/\/tva.cv\/index.php\/wp-json\/wp\/v2\/types\/post"}],"author":[{"embeddable":true,"href":"https:\/\/tva.cv\/index.php\/wp-json\/wp\/v2\/users\/2"}],"replies":[{"embeddable":true,"href":"https:\/\/tva.cv\/index.php\/wp-json\/wp\/v2\/comments?post=41409"}],"version-history":[{"count":1,"href":"https:\/\/tva.cv\/index.php\/wp-json\/wp\/v2\/posts\/41409\/revisions"}],"predecessor-version":[{"id":41411,"href":"https:\/\/tva.cv\/index.php\/wp-json\/wp\/v2\/posts\/41409\/revisions\/41411"}],"wp:featuredmedia":[{"embeddable":true,"href":"https:\/\/tva.cv\/index.php\/wp-json\/wp\/v2\/media\/41410"}],"wp:attachment":[{"href":"https:\/\/tva.cv\/index.php\/wp-json\/wp\/v2\/media?parent=41409"}],"wp:term":[{"taxonomy":"category","embeddable":true,"href":"https:\/\/tva.cv\/index.php\/wp-json\/wp\/v2\/categories?post=41409"},{"taxonomy":"post_tag","embeddable":true,"href":"https:\/\/tva.cv\/index.php\/wp-json\/wp\/v2\/tags?post=41409"}],"curies":[{"name":"wp","href":"https:\/\/api.w.org\/{rel}","templated":true}]}}