{"id":41393,"date":"2025-06-11T16:49:28","date_gmt":"2025-06-11T17:49:28","guid":{"rendered":"https:\/\/tva.cv\/?p=41393"},"modified":"2025-06-11T16:49:28","modified_gmt":"2025-06-11T17:49:28","slug":"paicv-critica-incumprimento-das-promessas-feitas-pelo-mpd-e-exige-prestacao-de-contas-ao-parlamento","status":"publish","type":"post","link":"https:\/\/tva.cv\/index.php\/2025\/06\/11\/paicv-critica-incumprimento-das-promessas-feitas-pelo-mpd-e-exige-prestacao-de-contas-ao-parlamento\/","title":{"rendered":"PAICV critica incumprimento das promessas feitas pelo MpD e exige presta\u00e7\u00e3o de contas ao Parlamento"},"content":{"rendered":"<p><iframe width=\"560\" height=\"315\" src=\"https:\/\/www.youtube.com\/embed\/DkqM0PSl8lU?si=mrOG4-er7P5DcERN\" title=\"YouTube video player\" frameborder=\"0\" allow=\"accelerometer; autoplay; clipboard-write; encrypted-media; gyroscope; picture-in-picture; web-share\" referrerpolicy=\"strict-origin-when-cross-origin\" allowfullscreen><\/iframe><br \/>\nO Grupo Parlamentar do PAICV convocou esta ter\u00e7a feira uma confer\u00eancia de imprensa para fazer o balan\u00e7o das jornadas parlamentares preparat\u00f3rias para a 1.a Sess\u00e3o Plen\u00e1ria de junho, que decorre de 11 a 13. Educa\u00e7\u00e3o, justi\u00e7a, seguran\u00e7a e transportes s\u00e3o entre as principais preocupa\u00e7\u00f5es levantadas pelo maior partido da oposi\u00e7\u00e3o. A deputada Carla Lima afirmou que o partido vai exigir explica\u00e7\u00f5es do Governo em v\u00e1rias \u00e1reas e denunciou o que considera serem sinais de instrumentaliza\u00e7\u00e3o pol\u00edtico-partid\u00e1ria na educa\u00e7\u00e3o.<\/p>\n","protected":false},"excerpt":{"rendered":"<p>O Grupo Parlamentar do PAICV convocou esta ter\u00e7a feira uma confer\u00eancia de imprensa para fazer o balan\u00e7o das jornadas parlamentares preparat\u00f3rias para a 1.a Sess\u00e3o Plen\u00e1ria de junho, que decorre de 11 a 13. Educa\u00e7\u00e3o, justi\u00e7a, seguran\u00e7a e transportes s\u00e3o entre as principais preocupa\u00e7\u00f5es levantadas pelo maior partido da oposi\u00e7\u00e3o. A deputada Carla Lima afirmou que o partido vai exigir explica\u00e7\u00f5es do Governo em v\u00e1rias \u00e1reas e denunciou o que considera serem sinais de instrumentaliza\u00e7\u00e3o pol\u00edtico-partid\u00e1ria na educa\u00e7\u00e3o.<\/p>\n","protected":false},"author":2,"featured_media":41394,"comment_status":"open","ping_status":"open","sticky":false,"template":"","format":"standard","meta":{"om_disable_all_campaigns":false,"_monsterinsights_skip_tracking":false,"_monsterinsights_sitenote_active":false,"_monsterinsights_sitenote_note":"","_monsterinsights_sitenote_category":0},"categories":[557],"tags":[586],"aioseo_notices":[],"_links":{"self":[{"href":"https:\/\/tva.cv\/index.php\/wp-json\/wp\/v2\/posts\/41393"}],"collection":[{"href":"https:\/\/tva.cv\/index.php\/wp-json\/wp\/v2\/posts"}],"about":[{"href":"https:\/\/tva.cv\/index.php\/wp-json\/wp\/v2\/types\/post"}],"author":[{"embeddable":true,"href":"https:\/\/tva.cv\/index.php\/wp-json\/wp\/v2\/users\/2"}],"replies":[{"embeddable":true,"href":"https:\/\/tva.cv\/index.php\/wp-json\/wp\/v2\/comments?post=41393"}],"version-history":[{"count":1,"href":"https:\/\/tva.cv\/index.php\/wp-json\/wp\/v2\/posts\/41393\/revisions"}],"predecessor-version":[{"id":41395,"href":"https:\/\/tva.cv\/index.php\/wp-json\/wp\/v2\/posts\/41393\/revisions\/41395"}],"wp:featuredmedia":[{"embeddable":true,"href":"https:\/\/tva.cv\/index.php\/wp-json\/wp\/v2\/media\/41394"}],"wp:attachment":[{"href":"https:\/\/tva.cv\/index.php\/wp-json\/wp\/v2\/media?parent=41393"}],"wp:term":[{"taxonomy":"category","embeddable":true,"href":"https:\/\/tva.cv\/index.php\/wp-json\/wp\/v2\/categories?post=41393"},{"taxonomy":"post_tag","embeddable":true,"href":"https:\/\/tva.cv\/index.php\/wp-json\/wp\/v2\/tags?post=41393"}],"curies":[{"name":"wp","href":"https:\/\/api.w.org\/{rel}","templated":true}]}}