{"id":41306,"date":"2025-06-09T17:24:54","date_gmt":"2025-06-09T18:24:54","guid":{"rendered":"https:\/\/tva.cv\/?p=41306"},"modified":"2025-06-09T17:24:54","modified_gmt":"2025-06-09T18:24:54","slug":"uni-cv-promove-semana-tim-2025-para-afirmar-cv-como-hub-digital-no-atlantico","status":"publish","type":"post","link":"https:\/\/tva.cv\/index.php\/2025\/06\/09\/uni-cv-promove-semana-tim-2025-para-afirmar-cv-como-hub-digital-no-atlantico\/","title":{"rendered":"Uni-CV promove Semana TIM 2025 para afirmar CV como Hub Digital no Atl\u00e2ntico"},"content":{"rendered":"<p><iframe width=\"560\" height=\"315\" src=\"https:\/\/www.youtube.com\/embed\/SO5HL83uztI?si=zFpreuSf-9lU29CH\" title=\"YouTube video player\" frameborder=\"0\" allow=\"accelerometer; autoplay; clipboard-write; encrypted-media; gyroscope; picture-in-picture; web-share\" referrerpolicy=\"strict-origin-when-cross-origin\" allowfullscreen><\/iframe><br \/>\nA Faculdade de Ci\u00eancias e Tecnologia da Universidade de Cabo Verde promove, de 2 a 6 de junho a 8.\u00aa edi\u00e7\u00e3o da Semana TIM 2025. Uma iniciativa que visa, estimular a colabora\u00e7\u00e3o entre os principais atores do ecossistema tecnol\u00f3gico, impulsionando a inova\u00e7\u00e3o, a investiga\u00e7\u00e3o aplicada e a transforma\u00e7\u00e3o digital como alavancas para o desenvolvimento econ\u00f3mico e social do pa\u00eds.<\/p>\n","protected":false},"excerpt":{"rendered":"<p>A Faculdade de Ci\u00eancias e Tecnologia da Universidade de Cabo Verde promove, de 2 a 6 de junho a 8.\u00aa edi\u00e7\u00e3o da Semana TIM 2025. Uma iniciativa que visa, estimular a colabora\u00e7\u00e3o entre os principais atores do ecossistema tecnol\u00f3gico, impulsionando a inova\u00e7\u00e3o, a investiga\u00e7\u00e3o aplicada e a transforma\u00e7\u00e3o digital como alavancas para o desenvolvimento econ\u00f3mico e social do pa\u00eds.<\/p>\n","protected":false},"author":2,"featured_media":41307,"comment_status":"open","ping_status":"open","sticky":false,"template":"","format":"standard","meta":{"om_disable_all_campaigns":false,"_monsterinsights_skip_tracking":false,"_monsterinsights_sitenote_active":false,"_monsterinsights_sitenote_note":"","_monsterinsights_sitenote_category":0},"categories":[561],"tags":[586],"aioseo_notices":[],"_links":{"self":[{"href":"https:\/\/tva.cv\/index.php\/wp-json\/wp\/v2\/posts\/41306"}],"collection":[{"href":"https:\/\/tva.cv\/index.php\/wp-json\/wp\/v2\/posts"}],"about":[{"href":"https:\/\/tva.cv\/index.php\/wp-json\/wp\/v2\/types\/post"}],"author":[{"embeddable":true,"href":"https:\/\/tva.cv\/index.php\/wp-json\/wp\/v2\/users\/2"}],"replies":[{"embeddable":true,"href":"https:\/\/tva.cv\/index.php\/wp-json\/wp\/v2\/comments?post=41306"}],"version-history":[{"count":1,"href":"https:\/\/tva.cv\/index.php\/wp-json\/wp\/v2\/posts\/41306\/revisions"}],"predecessor-version":[{"id":41308,"href":"https:\/\/tva.cv\/index.php\/wp-json\/wp\/v2\/posts\/41306\/revisions\/41308"}],"wp:featuredmedia":[{"embeddable":true,"href":"https:\/\/tva.cv\/index.php\/wp-json\/wp\/v2\/media\/41307"}],"wp:attachment":[{"href":"https:\/\/tva.cv\/index.php\/wp-json\/wp\/v2\/media?parent=41306"}],"wp:term":[{"taxonomy":"category","embeddable":true,"href":"https:\/\/tva.cv\/index.php\/wp-json\/wp\/v2\/categories?post=41306"},{"taxonomy":"post_tag","embeddable":true,"href":"https:\/\/tva.cv\/index.php\/wp-json\/wp\/v2\/tags?post=41306"}],"curies":[{"name":"wp","href":"https:\/\/api.w.org\/{rel}","templated":true}]}}