{"id":41294,"date":"2025-06-05T10:11:20","date_gmt":"2025-06-05T11:11:20","guid":{"rendered":"https:\/\/tva.cv\/?p=41294"},"modified":"2025-06-05T10:11:20","modified_gmt":"2025-06-05T11:11:20","slug":"minha-lingua-minha-historia-e-o-meu-destino-marca-comemoracoes-do-dia-mundial-da-lingua-portuguesa","status":"publish","type":"post","link":"https:\/\/tva.cv\/index.php\/2025\/06\/05\/minha-lingua-minha-historia-e-o-meu-destino-marca-comemoracoes-do-dia-mundial-da-lingua-portuguesa\/","title":{"rendered":"&#8220;Minha L\u00edngua, Minha Hist\u00f3ria e o Meu Destino&#8221; marca comemora\u00e7\u00f5es do Dia Mundial da L\u00edngua Portuguesa"},"content":{"rendered":"<p><iframe width=\"560\" height=\"315\" src=\"https:\/\/www.youtube.com\/embed\/Yr-b0BsVkcw?si=eNnJfnmlG-jKXB5p\" title=\"YouTube video player\" frameborder=\"0\" allow=\"accelerometer; autoplay; clipboard-write; encrypted-media; gyroscope; picture-in-picture; web-share\" referrerpolicy=\"strict-origin-when-cross-origin\" allowfullscreen><\/iframe><br \/>\nO Instituto Internacional da L\u00edngua Portuguesa e a Associa\u00e7\u00e3o Educar apresentaramm, nesta quarta-feira, a Antologia de Contos \u201cMinha L\u00edngua, Minha Hist\u00f3ria e o Meu Destino\u201d. O evento que reuniu obras de jovens dos PALOP e Timor-Leste, visa promover o uso criativo e reflexivo da l\u00edngua portuguesa entre adolescentes e jovens dessa comunidade.<\/p>\n","protected":false},"excerpt":{"rendered":"<p>O Instituto Internacional da L\u00edngua Portuguesa e a Associa\u00e7\u00e3o Educar apresentaramm, nesta quarta-feira, a Antologia de Contos \u201cMinha L\u00edngua, Minha Hist\u00f3ria e o Meu Destino\u201d. O evento que reuniu obras de jovens dos PALOP e Timor-Leste, visa promover o uso criativo e reflexivo da l\u00edngua portuguesa entre adolescentes e jovens dessa comunidade.<\/p>\n","protected":false},"author":2,"featured_media":41295,"comment_status":"open","ping_status":"open","sticky":false,"template":"","format":"standard","meta":{"om_disable_all_campaigns":false,"_monsterinsights_skip_tracking":false,"_monsterinsights_sitenote_active":false,"_monsterinsights_sitenote_note":"","_monsterinsights_sitenote_category":0},"categories":[561],"tags":[586],"aioseo_notices":[],"_links":{"self":[{"href":"https:\/\/tva.cv\/index.php\/wp-json\/wp\/v2\/posts\/41294"}],"collection":[{"href":"https:\/\/tva.cv\/index.php\/wp-json\/wp\/v2\/posts"}],"about":[{"href":"https:\/\/tva.cv\/index.php\/wp-json\/wp\/v2\/types\/post"}],"author":[{"embeddable":true,"href":"https:\/\/tva.cv\/index.php\/wp-json\/wp\/v2\/users\/2"}],"replies":[{"embeddable":true,"href":"https:\/\/tva.cv\/index.php\/wp-json\/wp\/v2\/comments?post=41294"}],"version-history":[{"count":1,"href":"https:\/\/tva.cv\/index.php\/wp-json\/wp\/v2\/posts\/41294\/revisions"}],"predecessor-version":[{"id":41296,"href":"https:\/\/tva.cv\/index.php\/wp-json\/wp\/v2\/posts\/41294\/revisions\/41296"}],"wp:featuredmedia":[{"embeddable":true,"href":"https:\/\/tva.cv\/index.php\/wp-json\/wp\/v2\/media\/41295"}],"wp:attachment":[{"href":"https:\/\/tva.cv\/index.php\/wp-json\/wp\/v2\/media?parent=41294"}],"wp:term":[{"taxonomy":"category","embeddable":true,"href":"https:\/\/tva.cv\/index.php\/wp-json\/wp\/v2\/categories?post=41294"},{"taxonomy":"post_tag","embeddable":true,"href":"https:\/\/tva.cv\/index.php\/wp-json\/wp\/v2\/tags?post=41294"}],"curies":[{"name":"wp","href":"https:\/\/api.w.org\/{rel}","templated":true}]}}