{"id":41227,"date":"2025-05-29T10:08:28","date_gmt":"2025-05-29T11:08:28","guid":{"rendered":"https:\/\/tva.cv\/?p=41227"},"modified":"2025-05-29T10:08:28","modified_gmt":"2025-05-29T11:08:28","slug":"jovem-criador-de-moda-aposta-na-diferenca-e-sonha-com-a-internacionalizacao-da-sua-marca","status":"publish","type":"post","link":"https:\/\/tva.cv\/index.php\/2025\/05\/29\/jovem-criador-de-moda-aposta-na-diferenca-e-sonha-com-a-internacionalizacao-da-sua-marca\/","title":{"rendered":"Jovem criador de moda aposta na diferen\u00e7a e sonha com a internacionaliza\u00e7\u00e3o da sua marca"},"content":{"rendered":"<p><iframe width=\"560\" height=\"315\" src=\"https:\/\/www.youtube.com\/embed\/fSVYceaOtO8?si=5bH2jfFcIaMAsuOM\" title=\"YouTube video player\" frameborder=\"0\" allow=\"accelerometer; autoplay; clipboard-write; encrypted-media; gyroscope; picture-in-picture; web-share\" referrerpolicy=\"strict-origin-when-cross-origin\" allowfullscreen><\/iframe><br \/>\nCom apenas 19 anos, Josu\u00e9 Miranda, mais conhecido por JM, tem vindo a destacar-se no mundo da moda jovem, com a cria\u00e7\u00e3o de pe\u00e7as originais como camisas e cal\u00e7as. O jovem criador sonha em expandir o seu trabalho e levar a sua marca al\u00e9m-fronteiras.<\/p>\n","protected":false},"excerpt":{"rendered":"<p>Com apenas 19 anos, Josu\u00e9 Miranda, mais conhecido por JM, tem vindo a destacar-se no mundo da moda jovem, com a cria\u00e7\u00e3o de pe\u00e7as originais como camisas e cal\u00e7as. O jovem criador sonha em expandir o seu trabalho e levar a sua marca al\u00e9m-fronteiras.<\/p>\n","protected":false},"author":2,"featured_media":41228,"comment_status":"open","ping_status":"open","sticky":false,"template":"","format":"standard","meta":{"om_disable_all_campaigns":false,"_monsterinsights_skip_tracking":false,"_monsterinsights_sitenote_active":false,"_monsterinsights_sitenote_note":"","_monsterinsights_sitenote_category":0},"categories":[608],"tags":[586],"aioseo_notices":[],"_links":{"self":[{"href":"https:\/\/tva.cv\/index.php\/wp-json\/wp\/v2\/posts\/41227"}],"collection":[{"href":"https:\/\/tva.cv\/index.php\/wp-json\/wp\/v2\/posts"}],"about":[{"href":"https:\/\/tva.cv\/index.php\/wp-json\/wp\/v2\/types\/post"}],"author":[{"embeddable":true,"href":"https:\/\/tva.cv\/index.php\/wp-json\/wp\/v2\/users\/2"}],"replies":[{"embeddable":true,"href":"https:\/\/tva.cv\/index.php\/wp-json\/wp\/v2\/comments?post=41227"}],"version-history":[{"count":1,"href":"https:\/\/tva.cv\/index.php\/wp-json\/wp\/v2\/posts\/41227\/revisions"}],"predecessor-version":[{"id":41231,"href":"https:\/\/tva.cv\/index.php\/wp-json\/wp\/v2\/posts\/41227\/revisions\/41231"}],"wp:featuredmedia":[{"embeddable":true,"href":"https:\/\/tva.cv\/index.php\/wp-json\/wp\/v2\/media\/41228"}],"wp:attachment":[{"href":"https:\/\/tva.cv\/index.php\/wp-json\/wp\/v2\/media?parent=41227"}],"wp:term":[{"taxonomy":"category","embeddable":true,"href":"https:\/\/tva.cv\/index.php\/wp-json\/wp\/v2\/categories?post=41227"},{"taxonomy":"post_tag","embeddable":true,"href":"https:\/\/tva.cv\/index.php\/wp-json\/wp\/v2\/tags?post=41227"}],"curies":[{"name":"wp","href":"https:\/\/api.w.org\/{rel}","templated":true}]}}