{"id":41180,"date":"2025-05-27T10:38:04","date_gmt":"2025-05-27T11:38:04","guid":{"rendered":"https:\/\/tva.cv\/?p=41180"},"modified":"2025-05-27T10:38:04","modified_gmt":"2025-05-27T11:38:04","slug":"na-rota-da-independencia-atraves-de-um-ambicioso-programa-televisivo-projecto-retrata-a-historia-de-cabo-verde-e-sua-diaspora","status":"publish","type":"post","link":"https:\/\/tva.cv\/index.php\/2025\/05\/27\/na-rota-da-independencia-atraves-de-um-ambicioso-programa-televisivo-projecto-retrata-a-historia-de-cabo-verde-e-sua-diaspora\/","title":{"rendered":"Na Rota da Independ\u00eancia: Atrav\u00e9s de um ambicioso programa televisivo, projecto retrata a hist\u00f3ria de cabo verde e sua di\u00e1spora"},"content":{"rendered":"<p><iframe width=\"560\" height=\"315\" src=\"https:\/\/www.youtube.com\/embed\/MkMoO0J_umk?si=gD-7rwhtJcjAqYTr\" title=\"YouTube video player\" frameborder=\"0\" allow=\"accelerometer; autoplay; clipboard-write; encrypted-media; gyroscope; picture-in-picture; web-share\" referrerpolicy=\"strict-origin-when-cross-origin\" allowfullscreen><\/iframe><br \/>\nEm 2025, no ano em que se comemora os 50 anos da Independ\u00eancia Nacional, um grupo de cidad\u00e3os idealizou o projeto telecultural designado na Rota da Independ\u00eancia. O Produtor e Realizador, Jo\u00e3o Pires, na qualidade de idealista e membro da equipa de produ\u00e7\u00e3o, explicou a TVA, que na Rota da Independ\u00eancia, se trata do retrato de uma caminhada de 80 anos, lan\u00e7ando um olhar sobre o percurso de Cabo Verde, com intuito de contar a ess\u00eancia da hist\u00f3ria do arquip\u00e9lago e da di\u00e1spora, e segundo o nosso entrevistado, uma vasta equipa com experi\u00eancia nas \u00e1reas da televis\u00e3o, audiovisual, cultura, m\u00fasica, produ\u00e7\u00e3o de eventos, de entre outros setores est\u00e3o a trabalhar para garantir a materializa\u00e7\u00e3o de diversas atividades , atrav\u00e9s de um ambicioso programa televisivo, a ser emitido no pa\u00eds e no exterior, nos dias 4 e 5 de Julho.<\/p>\n","protected":false},"excerpt":{"rendered":"<p>Em 2025, no ano em que se comemora os 50 anos da Independ\u00eancia Nacional, um grupo de cidad\u00e3os idealizou o projeto telecultural designado na Rota da Independ\u00eancia. O Produtor e Realizador, Jo\u00e3o Pires, na qualidade de idealista e membro da equipa de produ\u00e7\u00e3o, explicou a TVA, que na Rota da Independ\u00eancia, se trata do retrato de uma caminhada de 80 anos, lan\u00e7ando um olhar sobre o percurso de Cabo Verde, com intuito de contar a ess\u00eancia da hist\u00f3ria do arquip\u00e9lago e da di\u00e1spora, e segundo o nosso entrevistado, uma vasta equipa com experi\u00eancia nas \u00e1reas da televis\u00e3o, audiovisual, cultura, m\u00fasica, [&hellip;]<\/p>\n","protected":false},"author":2,"featured_media":41181,"comment_status":"open","ping_status":"open","sticky":false,"template":"","format":"standard","meta":{"om_disable_all_campaigns":false,"_monsterinsights_skip_tracking":false,"_monsterinsights_sitenote_active":false,"_monsterinsights_sitenote_note":"","_monsterinsights_sitenote_category":0},"categories":[567],"tags":[586],"aioseo_notices":[],"_links":{"self":[{"href":"https:\/\/tva.cv\/index.php\/wp-json\/wp\/v2\/posts\/41180"}],"collection":[{"href":"https:\/\/tva.cv\/index.php\/wp-json\/wp\/v2\/posts"}],"about":[{"href":"https:\/\/tva.cv\/index.php\/wp-json\/wp\/v2\/types\/post"}],"author":[{"embeddable":true,"href":"https:\/\/tva.cv\/index.php\/wp-json\/wp\/v2\/users\/2"}],"replies":[{"embeddable":true,"href":"https:\/\/tva.cv\/index.php\/wp-json\/wp\/v2\/comments?post=41180"}],"version-history":[{"count":1,"href":"https:\/\/tva.cv\/index.php\/wp-json\/wp\/v2\/posts\/41180\/revisions"}],"predecessor-version":[{"id":41205,"href":"https:\/\/tva.cv\/index.php\/wp-json\/wp\/v2\/posts\/41180\/revisions\/41205"}],"wp:featuredmedia":[{"embeddable":true,"href":"https:\/\/tva.cv\/index.php\/wp-json\/wp\/v2\/media\/41181"}],"wp:attachment":[{"href":"https:\/\/tva.cv\/index.php\/wp-json\/wp\/v2\/media?parent=41180"}],"wp:term":[{"taxonomy":"category","embeddable":true,"href":"https:\/\/tva.cv\/index.php\/wp-json\/wp\/v2\/categories?post=41180"},{"taxonomy":"post_tag","embeddable":true,"href":"https:\/\/tva.cv\/index.php\/wp-json\/wp\/v2\/tags?post=41180"}],"curies":[{"name":"wp","href":"https:\/\/api.w.org\/{rel}","templated":true}]}}