{"id":41162,"date":"2025-05-27T09:14:40","date_gmt":"2025-05-27T10:14:40","guid":{"rendered":"https:\/\/tva.cv\/?p=41162"},"modified":"2025-05-27T09:14:40","modified_gmt":"2025-05-27T10:14:40","slug":"primeiro-ministro-e-orador-no-leadership-summit-cabo-verde-2025","status":"publish","type":"post","link":"https:\/\/tva.cv\/index.php\/2025\/05\/27\/primeiro-ministro-e-orador-no-leadership-summit-cabo-verde-2025\/","title":{"rendered":"Primeiro-Ministro \u00e9 orador no Leadership Summit Cabo Verde 2025"},"content":{"rendered":"<p><iframe width=\"560\" height=\"315\" src=\"https:\/\/www.youtube.com\/embed\/fmtLAqI-IQ8?si=lcZ1w4nIPTKbrFR1\" title=\"YouTube video player\" frameborder=\"0\" allow=\"accelerometer; autoplay; clipboard-write; encrypted-media; gyroscope; picture-in-picture; web-share\" referrerpolicy=\"strict-origin-when-cross-origin\" allowfullscreen><\/iframe><br \/>\nO Primeiro-Ministro, Jos\u00e9 Ulisses Correia e Silva, preside, esta sexta-feira, 23 de maio, \u00e0 sess\u00e3o de abertura oficial da Leadership Summit Cabo Verde 2025, agendada para \u00e0s 9 horas, que ter\u00e1 lugar no TechPark CV, na cidade da Praia. Com o lema \u201cLideran\u00e7a Estrat\u00e9gica \u2013 Confian\u00e7a, Conex\u00e3o e Transforma\u00e7\u00e3o\u201d, a cimeira ir\u00e1 reunir oradores nacionais e internacionais para partilhar ideias e experi\u00eancias sobre os novos desafios da lideran\u00e7a num mundo em constante mudan\u00e7a.<\/p>\n","protected":false},"excerpt":{"rendered":"<p>O Primeiro-Ministro, Jos\u00e9 Ulisses Correia e Silva, preside, esta sexta-feira, 23 de maio, \u00e0 sess\u00e3o de abertura oficial da Leadership Summit Cabo Verde 2025, agendada para \u00e0s 9 horas, que ter\u00e1 lugar no TechPark CV, na cidade da Praia. Com o lema \u201cLideran\u00e7a Estrat\u00e9gica \u2013 Confian\u00e7a, Conex\u00e3o e Transforma\u00e7\u00e3o\u201d, a cimeira ir\u00e1 reunir oradores nacionais e internacionais para partilhar ideias e experi\u00eancias sobre os novos desafios da lideran\u00e7a num mundo em constante mudan\u00e7a.<\/p>\n","protected":false},"author":2,"featured_media":41163,"comment_status":"open","ping_status":"open","sticky":false,"template":"","format":"standard","meta":{"om_disable_all_campaigns":false,"_monsterinsights_skip_tracking":false,"_monsterinsights_sitenote_active":false,"_monsterinsights_sitenote_note":"","_monsterinsights_sitenote_category":0},"categories":[567],"tags":[586],"aioseo_notices":[],"_links":{"self":[{"href":"https:\/\/tva.cv\/index.php\/wp-json\/wp\/v2\/posts\/41162"}],"collection":[{"href":"https:\/\/tva.cv\/index.php\/wp-json\/wp\/v2\/posts"}],"about":[{"href":"https:\/\/tva.cv\/index.php\/wp-json\/wp\/v2\/types\/post"}],"author":[{"embeddable":true,"href":"https:\/\/tva.cv\/index.php\/wp-json\/wp\/v2\/users\/2"}],"replies":[{"embeddable":true,"href":"https:\/\/tva.cv\/index.php\/wp-json\/wp\/v2\/comments?post=41162"}],"version-history":[{"count":1,"href":"https:\/\/tva.cv\/index.php\/wp-json\/wp\/v2\/posts\/41162\/revisions"}],"predecessor-version":[{"id":41164,"href":"https:\/\/tva.cv\/index.php\/wp-json\/wp\/v2\/posts\/41162\/revisions\/41164"}],"wp:featuredmedia":[{"embeddable":true,"href":"https:\/\/tva.cv\/index.php\/wp-json\/wp\/v2\/media\/41163"}],"wp:attachment":[{"href":"https:\/\/tva.cv\/index.php\/wp-json\/wp\/v2\/media?parent=41162"}],"wp:term":[{"taxonomy":"category","embeddable":true,"href":"https:\/\/tva.cv\/index.php\/wp-json\/wp\/v2\/categories?post=41162"},{"taxonomy":"post_tag","embeddable":true,"href":"https:\/\/tva.cv\/index.php\/wp-json\/wp\/v2\/tags?post=41162"}],"curies":[{"name":"wp","href":"https:\/\/api.w.org\/{rel}","templated":true}]}}