{"id":40923,"date":"2025-04-23T12:47:07","date_gmt":"2025-04-23T13:47:07","guid":{"rendered":"https:\/\/tva.cv\/?p=40923"},"modified":"2025-04-23T12:47:07","modified_gmt":"2025-04-23T13:47:07","slug":"cv-interilhas-cancela-viagens-na-linha-sotavento-por-tempo-indeterminado","status":"publish","type":"post","link":"https:\/\/tva.cv\/index.php\/2025\/04\/23\/cv-interilhas-cancela-viagens-na-linha-sotavento-por-tempo-indeterminado\/","title":{"rendered":"CV Interilhas cancela viagens na linha Sotavento por tempo indeterminado"},"content":{"rendered":"<p><iframe width=\"560\" height=\"315\" src=\"https:\/\/www.youtube.com\/embed\/2DXMN0qx1c0?si=c-lFDj3ZjtoWxwnR\" title=\"YouTube video player\" frameborder=\"0\" allow=\"accelerometer; autoplay; clipboard-write; encrypted-media; gyroscope; picture-in-picture; web-share\" referrerpolicy=\"strict-origin-when-cross-origin\" allowfullscreen><\/iframe><br \/>\nAs liga\u00e7\u00f5es mar\u00edtimas na Linha Sotavento, que liga as ilhas de Santiago, Fogo, Brava e Maio, est\u00e3o temporariamente suspensas na sequ\u00eancia do acidente com o navio Liberadi. O an\u00fancio foi feito esta segunda-feira pela CV Interilhas, que justifica a decis\u00e3o com a falta de solu\u00e7\u00f5es operacionais no momento.<\/p>\n","protected":false},"excerpt":{"rendered":"<p>As liga\u00e7\u00f5es mar\u00edtimas na Linha Sotavento, que liga as ilhas de Santiago, Fogo, Brava e Maio, est\u00e3o temporariamente suspensas na sequ\u00eancia do acidente com o navio Liberadi. O an\u00fancio foi feito esta segunda-feira pela CV Interilhas, que justifica a decis\u00e3o com a falta de solu\u00e7\u00f5es operacionais no momento.<\/p>\n","protected":false},"author":2,"featured_media":40924,"comment_status":"open","ping_status":"open","sticky":false,"template":"","format":"standard","meta":{"om_disable_all_campaigns":false,"_monsterinsights_skip_tracking":false,"_monsterinsights_sitenote_active":false,"_monsterinsights_sitenote_note":"","_monsterinsights_sitenote_category":0},"categories":[599],"tags":[586],"aioseo_notices":[],"_links":{"self":[{"href":"https:\/\/tva.cv\/index.php\/wp-json\/wp\/v2\/posts\/40923"}],"collection":[{"href":"https:\/\/tva.cv\/index.php\/wp-json\/wp\/v2\/posts"}],"about":[{"href":"https:\/\/tva.cv\/index.php\/wp-json\/wp\/v2\/types\/post"}],"author":[{"embeddable":true,"href":"https:\/\/tva.cv\/index.php\/wp-json\/wp\/v2\/users\/2"}],"replies":[{"embeddable":true,"href":"https:\/\/tva.cv\/index.php\/wp-json\/wp\/v2\/comments?post=40923"}],"version-history":[{"count":1,"href":"https:\/\/tva.cv\/index.php\/wp-json\/wp\/v2\/posts\/40923\/revisions"}],"predecessor-version":[{"id":40925,"href":"https:\/\/tva.cv\/index.php\/wp-json\/wp\/v2\/posts\/40923\/revisions\/40925"}],"wp:featuredmedia":[{"embeddable":true,"href":"https:\/\/tva.cv\/index.php\/wp-json\/wp\/v2\/media\/40924"}],"wp:attachment":[{"href":"https:\/\/tva.cv\/index.php\/wp-json\/wp\/v2\/media?parent=40923"}],"wp:term":[{"taxonomy":"category","embeddable":true,"href":"https:\/\/tva.cv\/index.php\/wp-json\/wp\/v2\/categories?post=40923"},{"taxonomy":"post_tag","embeddable":true,"href":"https:\/\/tva.cv\/index.php\/wp-json\/wp\/v2\/tags?post=40923"}],"curies":[{"name":"wp","href":"https:\/\/api.w.org\/{rel}","templated":true}]}}