{"id":40885,"date":"2025-04-21T17:55:27","date_gmt":"2025-04-21T18:55:27","guid":{"rendered":"https:\/\/tva.cv\/?p=40885"},"modified":"2025-04-21T17:55:27","modified_gmt":"2025-04-21T18:55:27","slug":"presidente-da-republica-lamenta-morte-do-papa-francisco-e-destaca-lacos-comcabo-verde","status":"publish","type":"post","link":"https:\/\/tva.cv\/index.php\/2025\/04\/21\/presidente-da-republica-lamenta-morte-do-papa-francisco-e-destaca-lacos-comcabo-verde\/","title":{"rendered":"Presidente da Rep\u00fablica lamenta morte do Papa Francisco e destaca la\u00e7os comCabo Verde"},"content":{"rendered":"<p><iframe width=\"560\" height=\"315\" src=\"https:\/\/www.youtube.com\/embed\/VHdAklPDK8g?si=jDFP28WLZtzGeYV3\" title=\"YouTube video player\" frameborder=\"0\" allow=\"accelerometer; autoplay; clipboard-write; encrypted-media; gyroscope; picture-in-picture; web-share\" referrerpolicy=\"strict-origin-when-cross-origin\" allowfullscreen><\/iframe><br \/>\n\u201cPerde-se uma grande voz ao servi\u00e7o da paz, do di\u00e1logo e da dignidade humana\u201d, afirmou o Presidente da Rep\u00fablica, Jos\u00e9 Maria Neves considerando o Papa Francisco uma refer\u00eancia num mundo conturbado e em transforma\u00e7\u00e3o. O chefe do Estado, lamentou profundamente a morte do Papa Francisco, destacando a rela\u00e7\u00e3o pr\u00f3xima que o Papa manteve com Cabo Verde, em especial com a comunidade cabo-verdiana em Buenos Aires.<\/p>\n","protected":false},"excerpt":{"rendered":"<p>\u201cPerde-se uma grande voz ao servi\u00e7o da paz, do di\u00e1logo e da dignidade humana\u201d, afirmou o Presidente da Rep\u00fablica, Jos\u00e9 Maria Neves considerando o Papa Francisco uma refer\u00eancia num mundo conturbado e em transforma\u00e7\u00e3o. O chefe do Estado, lamentou profundamente a morte do Papa Francisco, destacando a rela\u00e7\u00e3o pr\u00f3xima que o Papa manteve com Cabo Verde, em especial com a comunidade cabo-verdiana em Buenos Aires.<\/p>\n","protected":false},"author":2,"featured_media":40886,"comment_status":"open","ping_status":"open","sticky":false,"template":"","format":"standard","meta":{"om_disable_all_campaigns":false,"_monsterinsights_skip_tracking":false,"_monsterinsights_sitenote_active":false,"_monsterinsights_sitenote_note":"","_monsterinsights_sitenote_category":0},"categories":[602],"tags":[586],"aioseo_notices":[],"_links":{"self":[{"href":"https:\/\/tva.cv\/index.php\/wp-json\/wp\/v2\/posts\/40885"}],"collection":[{"href":"https:\/\/tva.cv\/index.php\/wp-json\/wp\/v2\/posts"}],"about":[{"href":"https:\/\/tva.cv\/index.php\/wp-json\/wp\/v2\/types\/post"}],"author":[{"embeddable":true,"href":"https:\/\/tva.cv\/index.php\/wp-json\/wp\/v2\/users\/2"}],"replies":[{"embeddable":true,"href":"https:\/\/tva.cv\/index.php\/wp-json\/wp\/v2\/comments?post=40885"}],"version-history":[{"count":1,"href":"https:\/\/tva.cv\/index.php\/wp-json\/wp\/v2\/posts\/40885\/revisions"}],"predecessor-version":[{"id":40887,"href":"https:\/\/tva.cv\/index.php\/wp-json\/wp\/v2\/posts\/40885\/revisions\/40887"}],"wp:featuredmedia":[{"embeddable":true,"href":"https:\/\/tva.cv\/index.php\/wp-json\/wp\/v2\/media\/40886"}],"wp:attachment":[{"href":"https:\/\/tva.cv\/index.php\/wp-json\/wp\/v2\/media?parent=40885"}],"wp:term":[{"taxonomy":"category","embeddable":true,"href":"https:\/\/tva.cv\/index.php\/wp-json\/wp\/v2\/categories?post=40885"},{"taxonomy":"post_tag","embeddable":true,"href":"https:\/\/tva.cv\/index.php\/wp-json\/wp\/v2\/tags?post=40885"}],"curies":[{"name":"wp","href":"https:\/\/api.w.org\/{rel}","templated":true}]}}