{"id":40744,"date":"2025-04-10T09:25:17","date_gmt":"2025-04-10T10:25:17","guid":{"rendered":"https:\/\/tva.cv\/?p=40744"},"modified":"2025-04-10T09:25:17","modified_gmt":"2025-04-10T10:25:17","slug":"primeiro-ministro-visita-uni-cv","status":"publish","type":"post","link":"https:\/\/tva.cv\/index.php\/2025\/04\/10\/primeiro-ministro-visita-uni-cv\/","title":{"rendered":"Primeiro-Ministro visita Uni-CV"},"content":{"rendered":"<p><iframe width=\"560\" height=\"315\" src=\"https:\/\/www.youtube.com\/embed\/CwpO1hPB6ms?si=o45hchtkyZW8XRUZ\" title=\"YouTube video player\" frameborder=\"0\" allow=\"accelerometer; autoplay; clipboard-write; encrypted-media; gyroscope; picture-in-picture; web-share\" referrerpolicy=\"strict-origin-when-cross-origin\" allowfullscreen><\/iframe><br \/>\nO Primeiro-Ministro de Cabo Verde, Ulisses Correia e Silva, visitou esta quarta-feira, a Universidade de Cabo Verde, no Campus do Palmarejo Grande. A desloca\u00e7\u00e3o teve como objetivo conhecer de perto os avan\u00e7os nas \u00e1reas da investiga\u00e7\u00e3o, inova\u00e7\u00e3o e ensino superior. O Chefe do Governo, aproveitou a ocasi\u00e3o para lan\u00e7ar o desafio de uma maior conex\u00e3o entre a academia, o tecido empresarial e o setor p\u00fablico, reafirmando o compromisso do Executivo com a cria\u00e7\u00e3o da Funda\u00e7\u00e3o para a Ci\u00eancia, Investiga\u00e7\u00e3o e Tecnologias.<\/p>\n","protected":false},"excerpt":{"rendered":"<p>O Primeiro-Ministro de Cabo Verde, Ulisses Correia e Silva, visitou esta quarta-feira, a Universidade de Cabo Verde, no Campus do Palmarejo Grande. A desloca\u00e7\u00e3o teve como objetivo conhecer de perto os avan\u00e7os nas \u00e1reas da investiga\u00e7\u00e3o, inova\u00e7\u00e3o e ensino superior. O Chefe do Governo, aproveitou a ocasi\u00e3o para lan\u00e7ar o desafio de uma maior conex\u00e3o entre a academia, o tecido empresarial e o setor p\u00fablico, reafirmando o compromisso do Executivo com a cria\u00e7\u00e3o da Funda\u00e7\u00e3o para a Ci\u00eancia, Investiga\u00e7\u00e3o e Tecnologias.<\/p>\n","protected":false},"author":2,"featured_media":40745,"comment_status":"open","ping_status":"open","sticky":false,"template":"","format":"standard","meta":{"om_disable_all_campaigns":false,"_monsterinsights_skip_tracking":false,"_monsterinsights_sitenote_active":false,"_monsterinsights_sitenote_note":"","_monsterinsights_sitenote_category":0},"categories":[561],"tags":[586],"aioseo_notices":[],"_links":{"self":[{"href":"https:\/\/tva.cv\/index.php\/wp-json\/wp\/v2\/posts\/40744"}],"collection":[{"href":"https:\/\/tva.cv\/index.php\/wp-json\/wp\/v2\/posts"}],"about":[{"href":"https:\/\/tva.cv\/index.php\/wp-json\/wp\/v2\/types\/post"}],"author":[{"embeddable":true,"href":"https:\/\/tva.cv\/index.php\/wp-json\/wp\/v2\/users\/2"}],"replies":[{"embeddable":true,"href":"https:\/\/tva.cv\/index.php\/wp-json\/wp\/v2\/comments?post=40744"}],"version-history":[{"count":1,"href":"https:\/\/tva.cv\/index.php\/wp-json\/wp\/v2\/posts\/40744\/revisions"}],"predecessor-version":[{"id":40746,"href":"https:\/\/tva.cv\/index.php\/wp-json\/wp\/v2\/posts\/40744\/revisions\/40746"}],"wp:featuredmedia":[{"embeddable":true,"href":"https:\/\/tva.cv\/index.php\/wp-json\/wp\/v2\/media\/40745"}],"wp:attachment":[{"href":"https:\/\/tva.cv\/index.php\/wp-json\/wp\/v2\/media?parent=40744"}],"wp:term":[{"taxonomy":"category","embeddable":true,"href":"https:\/\/tva.cv\/index.php\/wp-json\/wp\/v2\/categories?post=40744"},{"taxonomy":"post_tag","embeddable":true,"href":"https:\/\/tva.cv\/index.php\/wp-json\/wp\/v2\/tags?post=40744"}],"curies":[{"name":"wp","href":"https:\/\/api.w.org\/{rel}","templated":true}]}}