{"id":40468,"date":"2025-03-20T15:53:40","date_gmt":"2025-03-20T16:53:40","guid":{"rendered":"https:\/\/tva.cv\/?p=40468"},"modified":"2025-03-20T15:54:29","modified_gmt":"2025-03-20T16:54:29","slug":"conselho-de-ministros-governo-alarga-subsidio-de-doenca-para-criancas-ate-aos-12-anos-de-idade","status":"publish","type":"post","link":"https:\/\/tva.cv\/index.php\/2025\/03\/20\/conselho-de-ministros-governo-alarga-subsidio-de-doenca-para-criancas-ate-aos-12-anos-de-idade\/","title":{"rendered":"Conselho de Ministros: Governo alarga subs\u00eddio de doen\u00e7a para crian\u00e7as at\u00e9 aos 12 anos de idade."},"content":{"rendered":"<p><iframe width=\"560\" height=\"315\" src=\"https:\/\/www.youtube.com\/embed\/PWxOm8VQMXk?si=M_28gvjGP39V3ZX1\" title=\"YouTube video player\" frameborder=\"0\" allow=\"accelerometer; autoplay; clipboard-write; encrypted-media; gyroscope; picture-in-picture; web-share\" referrerpolicy=\"strict-origin-when-cross-origin\" allowfullscreen><\/iframe><br \/>\nO Governo pretende alterar a lei de base do sistema de prote\u00e7\u00e3o obrigat\u00f3ria, alargando o subs\u00eddio de doen\u00e7a para abranger crian\u00e7as dependentes at\u00e9 aos 12 anos e aumentando a comparticipa\u00e7\u00e3o do Instituto Nacional de Previd\u00eancia Social. A proposta j\u00e1 foi aprovada em Conselho de Ministros e o Executivo seguir\u00e1 agora para discuss\u00e3o.<\/p>\n","protected":false},"excerpt":{"rendered":"<p>O Governo pretende alterar a lei de base do sistema de prote\u00e7\u00e3o obrigat\u00f3ria, alargando o subs\u00eddio de doen\u00e7a para abranger crian\u00e7as dependentes at\u00e9 aos 12 anos e aumentando a comparticipa\u00e7\u00e3o do Instituto Nacional de Previd\u00eancia Social. A proposta j\u00e1 foi aprovada em Conselho de Ministros e o Executivo seguir\u00e1 agora para discuss\u00e3o.<\/p>\n","protected":false},"author":14,"featured_media":40469,"comment_status":"open","ping_status":"open","sticky":false,"template":"","format":"standard","meta":{"om_disable_all_campaigns":false,"_monsterinsights_skip_tracking":false,"_monsterinsights_sitenote_active":false,"_monsterinsights_sitenote_note":"","_monsterinsights_sitenote_category":0},"categories":[560],"tags":[586],"aioseo_notices":[],"_links":{"self":[{"href":"https:\/\/tva.cv\/index.php\/wp-json\/wp\/v2\/posts\/40468"}],"collection":[{"href":"https:\/\/tva.cv\/index.php\/wp-json\/wp\/v2\/posts"}],"about":[{"href":"https:\/\/tva.cv\/index.php\/wp-json\/wp\/v2\/types\/post"}],"author":[{"embeddable":true,"href":"https:\/\/tva.cv\/index.php\/wp-json\/wp\/v2\/users\/14"}],"replies":[{"embeddable":true,"href":"https:\/\/tva.cv\/index.php\/wp-json\/wp\/v2\/comments?post=40468"}],"version-history":[{"count":2,"href":"https:\/\/tva.cv\/index.php\/wp-json\/wp\/v2\/posts\/40468\/revisions"}],"predecessor-version":[{"id":40471,"href":"https:\/\/tva.cv\/index.php\/wp-json\/wp\/v2\/posts\/40468\/revisions\/40471"}],"wp:featuredmedia":[{"embeddable":true,"href":"https:\/\/tva.cv\/index.php\/wp-json\/wp\/v2\/media\/40469"}],"wp:attachment":[{"href":"https:\/\/tva.cv\/index.php\/wp-json\/wp\/v2\/media?parent=40468"}],"wp:term":[{"taxonomy":"category","embeddable":true,"href":"https:\/\/tva.cv\/index.php\/wp-json\/wp\/v2\/categories?post=40468"},{"taxonomy":"post_tag","embeddable":true,"href":"https:\/\/tva.cv\/index.php\/wp-json\/wp\/v2\/tags?post=40468"}],"curies":[{"name":"wp","href":"https:\/\/api.w.org\/{rel}","templated":true}]}}