{"id":40405,"date":"2025-03-14T19:07:13","date_gmt":"2025-03-14T20:07:13","guid":{"rendered":"https:\/\/tva.cv\/?p=40405"},"modified":"2025-03-14T19:07:13","modified_gmt":"2025-03-14T20:07:13","slug":"insp-lanca-oficialmente-o-ano-do-cancro-em-cabo-verde","status":"publish","type":"post","link":"https:\/\/tva.cv\/index.php\/2025\/03\/14\/insp-lanca-oficialmente-o-ano-do-cancro-em-cabo-verde\/","title":{"rendered":"INSP lan\u00e7a oficialmente o Ano do Cancro em Cabo Verde"},"content":{"rendered":"<p><iframe width=\"560\" height=\"315\" src=\"https:\/\/www.youtube.com\/embed\/r535yz77Qws?si=xebHV79cHLRSGIfA\" title=\"YouTube video player\" frameborder=\"0\" allow=\"accelerometer; autoplay; clipboard-write; encrypted-media; gyroscope; picture-in-picture; web-share\" referrerpolicy=\"strict-origin-when-cross-origin\" allowfullscreen><\/iframe><br \/>\nO Instituto Nacional de Sa\u00fade P\u00fablica, em parceria com a Dire\u00e7\u00e3o Nacional da Sa\u00fade e diversas organiza\u00e7\u00f5es, lan\u00e7ou oficialmente &#8220;2025 &#8211; Ano do Cancro&#8221; , sob o lema &#8220;O cancro n\u00e3o pode vencer: Speran\u00e7a e n\u00f4s for\u00e7a, uni\u00e3o \u00e9 n\u00f4s kura&#8221;. A iniciativa visa refor\u00e7ar a preven\u00e7\u00e3o e o controlo da doen\u00e7a, que se tem tornado uma das principais causas de morte no pa\u00eds.<\/p>\n","protected":false},"excerpt":{"rendered":"<p>O Instituto Nacional de Sa\u00fade P\u00fablica, em parceria com a Dire\u00e7\u00e3o Nacional da Sa\u00fade e diversas organiza\u00e7\u00f5es, lan\u00e7ou oficialmente &#8220;2025 &#8211; Ano do Cancro&#8221; , sob o lema &#8220;O cancro n\u00e3o pode vencer: Speran\u00e7a e n\u00f4s for\u00e7a, uni\u00e3o \u00e9 n\u00f4s kura&#8221;. A iniciativa visa refor\u00e7ar a preven\u00e7\u00e3o e o controlo da doen\u00e7a, que se tem tornado uma das principais causas de morte no pa\u00eds.<\/p>\n","protected":false},"author":2,"featured_media":40406,"comment_status":"open","ping_status":"open","sticky":false,"template":"","format":"standard","meta":{"om_disable_all_campaigns":false,"_monsterinsights_skip_tracking":false,"_monsterinsights_sitenote_active":false,"_monsterinsights_sitenote_note":"","_monsterinsights_sitenote_category":0},"categories":[560],"tags":[586],"aioseo_notices":[],"_links":{"self":[{"href":"https:\/\/tva.cv\/index.php\/wp-json\/wp\/v2\/posts\/40405"}],"collection":[{"href":"https:\/\/tva.cv\/index.php\/wp-json\/wp\/v2\/posts"}],"about":[{"href":"https:\/\/tva.cv\/index.php\/wp-json\/wp\/v2\/types\/post"}],"author":[{"embeddable":true,"href":"https:\/\/tva.cv\/index.php\/wp-json\/wp\/v2\/users\/2"}],"replies":[{"embeddable":true,"href":"https:\/\/tva.cv\/index.php\/wp-json\/wp\/v2\/comments?post=40405"}],"version-history":[{"count":1,"href":"https:\/\/tva.cv\/index.php\/wp-json\/wp\/v2\/posts\/40405\/revisions"}],"predecessor-version":[{"id":40407,"href":"https:\/\/tva.cv\/index.php\/wp-json\/wp\/v2\/posts\/40405\/revisions\/40407"}],"wp:featuredmedia":[{"embeddable":true,"href":"https:\/\/tva.cv\/index.php\/wp-json\/wp\/v2\/media\/40406"}],"wp:attachment":[{"href":"https:\/\/tva.cv\/index.php\/wp-json\/wp\/v2\/media?parent=40405"}],"wp:term":[{"taxonomy":"category","embeddable":true,"href":"https:\/\/tva.cv\/index.php\/wp-json\/wp\/v2\/categories?post=40405"},{"taxonomy":"post_tag","embeddable":true,"href":"https:\/\/tva.cv\/index.php\/wp-json\/wp\/v2\/tags?post=40405"}],"curies":[{"name":"wp","href":"https:\/\/api.w.org\/{rel}","templated":true}]}}