{"id":40330,"date":"2025-02-28T10:35:42","date_gmt":"2025-02-28T11:35:42","guid":{"rendered":"https:\/\/tva.cv\/?p=40330"},"modified":"2025-02-28T10:35:42","modified_gmt":"2025-02-28T11:35:42","slug":"forum-nacional-da-economia-social-e-solidaria","status":"publish","type":"post","link":"https:\/\/tva.cv\/index.php\/2025\/02\/28\/forum-nacional-da-economia-social-e-solidaria\/","title":{"rendered":"F\u00f3rum Nacional da Economia Social e Solid\u00e1ria"},"content":{"rendered":"<p><iframe width=\"560\" height=\"315\" src=\"https:\/\/www.youtube.com\/embed\/aboeRqzysi4?si=lS-JUHelGVfxI5qP\" title=\"YouTube video player\" frameborder=\"0\" allow=\"accelerometer; autoplay; clipboard-write; encrypted-media; gyroscope; picture-in-picture; web-share\" referrerpolicy=\"strict-origin-when-cross-origin\" allowfullscreen><\/iframe><br \/>\nO F\u00f3rum Nacional da Economia Social e Solid\u00e1ria, sob o lema &#8220;Fortalecer a Economia Social e Solid\u00e1ria para o Desenvolvimento Sustent\u00e1vel&#8221;, foi promovido pelo Ministro da Fam\u00edlia, Inclus\u00e3o e Desenvolvimento Social, Fernando El\u00edsio Freire, em parceria com a Uni\u00e3o Europeia. O evento que contou com a presen\u00e7a de diversos atores nacionais e internacionais, teve como objetivo discutir estrat\u00e9gias sobre a cria\u00e7\u00e3o de um quadro legislativo adequado para fortalecer o setor e promover o desenvolvimento inclusivo em Cabo Verde.<\/p>\n","protected":false},"excerpt":{"rendered":"<p>O F\u00f3rum Nacional da Economia Social e Solid\u00e1ria, sob o lema &#8220;Fortalecer a Economia Social e Solid\u00e1ria para o Desenvolvimento Sustent\u00e1vel&#8221;, foi promovido pelo Ministro da Fam\u00edlia, Inclus\u00e3o e Desenvolvimento Social, Fernando El\u00edsio Freire, em parceria com a Uni\u00e3o Europeia. O evento que contou com a presen\u00e7a de diversos atores nacionais e internacionais, teve como objetivo discutir estrat\u00e9gias sobre a cria\u00e7\u00e3o de um quadro legislativo adequado para fortalecer o setor e promover o desenvolvimento inclusivo em Cabo Verde.<\/p>\n","protected":false},"author":2,"featured_media":40331,"comment_status":"open","ping_status":"open","sticky":false,"template":"","format":"standard","meta":{"om_disable_all_campaigns":false,"_monsterinsights_skip_tracking":false,"_monsterinsights_sitenote_active":false,"_monsterinsights_sitenote_note":"","_monsterinsights_sitenote_category":0},"categories":[558],"tags":[586],"aioseo_notices":[],"_links":{"self":[{"href":"https:\/\/tva.cv\/index.php\/wp-json\/wp\/v2\/posts\/40330"}],"collection":[{"href":"https:\/\/tva.cv\/index.php\/wp-json\/wp\/v2\/posts"}],"about":[{"href":"https:\/\/tva.cv\/index.php\/wp-json\/wp\/v2\/types\/post"}],"author":[{"embeddable":true,"href":"https:\/\/tva.cv\/index.php\/wp-json\/wp\/v2\/users\/2"}],"replies":[{"embeddable":true,"href":"https:\/\/tva.cv\/index.php\/wp-json\/wp\/v2\/comments?post=40330"}],"version-history":[{"count":1,"href":"https:\/\/tva.cv\/index.php\/wp-json\/wp\/v2\/posts\/40330\/revisions"}],"predecessor-version":[{"id":40332,"href":"https:\/\/tva.cv\/index.php\/wp-json\/wp\/v2\/posts\/40330\/revisions\/40332"}],"wp:featuredmedia":[{"embeddable":true,"href":"https:\/\/tva.cv\/index.php\/wp-json\/wp\/v2\/media\/40331"}],"wp:attachment":[{"href":"https:\/\/tva.cv\/index.php\/wp-json\/wp\/v2\/media?parent=40330"}],"wp:term":[{"taxonomy":"category","embeddable":true,"href":"https:\/\/tva.cv\/index.php\/wp-json\/wp\/v2\/categories?post=40330"},{"taxonomy":"post_tag","embeddable":true,"href":"https:\/\/tva.cv\/index.php\/wp-json\/wp\/v2\/tags?post=40330"}],"curies":[{"name":"wp","href":"https:\/\/api.w.org\/{rel}","templated":true}]}}