{"id":40315,"date":"2025-02-28T09:54:03","date_gmt":"2025-02-28T10:54:03","guid":{"rendered":"https:\/\/tva.cv\/?p=40315"},"modified":"2025-02-28T09:54:03","modified_gmt":"2025-02-28T10:54:03","slug":"ha-mais-de-4-meses-que-os-moradores-simao-ribeiro-enfrentam-uma-situacao-de-penuria","status":"publish","type":"post","link":"https:\/\/tva.cv\/index.php\/2025\/02\/28\/ha-mais-de-4-meses-que-os-moradores-simao-ribeiro-enfrentam-uma-situacao-de-penuria\/","title":{"rendered":"H\u00e1 mais de 4 meses que os moradores Sim\u00e3o Ribeiro enfrentam uma situa\u00e7\u00e3o de pen\u00faria"},"content":{"rendered":"<p><iframe width=\"560\" height=\"315\" src=\"https:\/\/www.youtube.com\/embed\/iyFtuxUMiAA?si=nWo9QNCnyiJFwUJq\" title=\"YouTube video player\" frameborder=\"0\" allow=\"accelerometer; autoplay; clipboard-write; encrypted-media; gyroscope; picture-in-picture; web-share\" referrerpolicy=\"strict-origin-when-cross-origin\" allowfullscreen><\/iframe><br \/>\nA localidade de Sim\u00e3o Ribeiro, na cidade da Praia, vive uma grave crise de abastecimento de \u00e1gua de forma regular nas habita\u00e7\u00f5es a\u00ed existentes. Esta situa\u00e7\u00e3o tem dificultado a vida dos moradores, e n\u00e3o se trata de um ou tr\u00eas dias sem acesso \u00e0 esse recurso natural na rede de distruibui\u00e7\u00e3o p\u00fablica, os entrevistados falam em pen\u00faria, que dura h\u00e1 mais de quatro meses, por isso clamam por uma solu\u00e7\u00e3o urgente da parte de quem de direito.<\/p>\n","protected":false},"excerpt":{"rendered":"<p>A localidade de Sim\u00e3o Ribeiro, na cidade da Praia, vive uma grave crise de abastecimento de \u00e1gua de forma regular nas habita\u00e7\u00f5es a\u00ed existentes. Esta situa\u00e7\u00e3o tem dificultado a vida dos moradores, e n\u00e3o se trata de um ou tr\u00eas dias sem acesso \u00e0 esse recurso natural na rede de distruibui\u00e7\u00e3o p\u00fablica, os entrevistados falam em pen\u00faria, que dura h\u00e1 mais de quatro meses, por isso clamam por uma solu\u00e7\u00e3o urgente da parte de quem de direito.<\/p>\n","protected":false},"author":14,"featured_media":40316,"comment_status":"open","ping_status":"open","sticky":false,"template":"","format":"standard","meta":{"om_disable_all_campaigns":false,"_monsterinsights_skip_tracking":false,"_monsterinsights_sitenote_active":false,"_monsterinsights_sitenote_note":"","_monsterinsights_sitenote_category":0},"categories":[602],"tags":[586],"aioseo_notices":[],"_links":{"self":[{"href":"https:\/\/tva.cv\/index.php\/wp-json\/wp\/v2\/posts\/40315"}],"collection":[{"href":"https:\/\/tva.cv\/index.php\/wp-json\/wp\/v2\/posts"}],"about":[{"href":"https:\/\/tva.cv\/index.php\/wp-json\/wp\/v2\/types\/post"}],"author":[{"embeddable":true,"href":"https:\/\/tva.cv\/index.php\/wp-json\/wp\/v2\/users\/14"}],"replies":[{"embeddable":true,"href":"https:\/\/tva.cv\/index.php\/wp-json\/wp\/v2\/comments?post=40315"}],"version-history":[{"count":1,"href":"https:\/\/tva.cv\/index.php\/wp-json\/wp\/v2\/posts\/40315\/revisions"}],"predecessor-version":[{"id":40317,"href":"https:\/\/tva.cv\/index.php\/wp-json\/wp\/v2\/posts\/40315\/revisions\/40317"}],"wp:featuredmedia":[{"embeddable":true,"href":"https:\/\/tva.cv\/index.php\/wp-json\/wp\/v2\/media\/40316"}],"wp:attachment":[{"href":"https:\/\/tva.cv\/index.php\/wp-json\/wp\/v2\/media?parent=40315"}],"wp:term":[{"taxonomy":"category","embeddable":true,"href":"https:\/\/tva.cv\/index.php\/wp-json\/wp\/v2\/categories?post=40315"},{"taxonomy":"post_tag","embeddable":true,"href":"https:\/\/tva.cv\/index.php\/wp-json\/wp\/v2\/tags?post=40315"}],"curies":[{"name":"wp","href":"https:\/\/api.w.org\/{rel}","templated":true}]}}