{"id":40254,"date":"2025-02-20T18:16:35","date_gmt":"2025-02-20T19:16:35","guid":{"rendered":"https:\/\/tva.cv\/?p=40254"},"modified":"2025-02-20T18:16:35","modified_gmt":"2025-02-20T19:16:35","slug":"homem-de-30-anos-foi-encontrado-sem-vida-num-pardieiro-em-santa-cruz","status":"publish","type":"post","link":"https:\/\/tva.cv\/index.php\/2025\/02\/20\/homem-de-30-anos-foi-encontrado-sem-vida-num-pardieiro-em-santa-cruz\/","title":{"rendered":"Homem de 30 anos foi encontrado sem vida num pardieiro em Santa Cruz"},"content":{"rendered":"<p><iframe width=\"560\" height=\"315\" src=\"https:\/\/www.youtube.com\/embed\/vvQZA5w_quI?si=Ib0OwKgS3PRNpFHT\" title=\"YouTube video player\" frameborder=\"0\" allow=\"accelerometer; autoplay; clipboard-write; encrypted-media; gyroscope; picture-in-picture; web-share\" referrerpolicy=\"strict-origin-when-cross-origin\" allowfullscreen><\/iframe><br \/>\nUm homem com 30 anos  residente em Achada F\u00e1tima, foi encontrado sem vida , em Santa Cruz, na ilha de Santiago. A v\u00edtima estava sem roupa e n\u00e3o apresentava sinais de enforcamento.<\/p>\n","protected":false},"excerpt":{"rendered":"<p>Um homem com 30 anos residente em Achada F\u00e1tima, foi encontrado sem vida , em Santa Cruz, na ilha de Santiago. A v\u00edtima estava sem roupa e n\u00e3o apresentava sinais de enforcamento.<\/p>\n","protected":false},"author":2,"featured_media":40255,"comment_status":"open","ping_status":"open","sticky":false,"template":"","format":"standard","meta":{"om_disable_all_campaigns":false,"_monsterinsights_skip_tracking":false,"_monsterinsights_sitenote_active":false,"_monsterinsights_sitenote_note":"","_monsterinsights_sitenote_category":0},"categories":[602],"tags":[586],"aioseo_notices":[],"_links":{"self":[{"href":"https:\/\/tva.cv\/index.php\/wp-json\/wp\/v2\/posts\/40254"}],"collection":[{"href":"https:\/\/tva.cv\/index.php\/wp-json\/wp\/v2\/posts"}],"about":[{"href":"https:\/\/tva.cv\/index.php\/wp-json\/wp\/v2\/types\/post"}],"author":[{"embeddable":true,"href":"https:\/\/tva.cv\/index.php\/wp-json\/wp\/v2\/users\/2"}],"replies":[{"embeddable":true,"href":"https:\/\/tva.cv\/index.php\/wp-json\/wp\/v2\/comments?post=40254"}],"version-history":[{"count":1,"href":"https:\/\/tva.cv\/index.php\/wp-json\/wp\/v2\/posts\/40254\/revisions"}],"predecessor-version":[{"id":40256,"href":"https:\/\/tva.cv\/index.php\/wp-json\/wp\/v2\/posts\/40254\/revisions\/40256"}],"wp:featuredmedia":[{"embeddable":true,"href":"https:\/\/tva.cv\/index.php\/wp-json\/wp\/v2\/media\/40255"}],"wp:attachment":[{"href":"https:\/\/tva.cv\/index.php\/wp-json\/wp\/v2\/media?parent=40254"}],"wp:term":[{"taxonomy":"category","embeddable":true,"href":"https:\/\/tva.cv\/index.php\/wp-json\/wp\/v2\/categories?post=40254"},{"taxonomy":"post_tag","embeddable":true,"href":"https:\/\/tva.cv\/index.php\/wp-json\/wp\/v2\/tags?post=40254"}],"curies":[{"name":"wp","href":"https:\/\/api.w.org\/{rel}","templated":true}]}}