{"id":40239,"date":"2025-02-18T16:59:33","date_gmt":"2025-02-18T17:59:33","guid":{"rendered":"https:\/\/tva.cv\/?p=40239"},"modified":"2025-02-18T16:59:33","modified_gmt":"2025-02-18T17:59:33","slug":"nova-sede-do-instituto-do-arquivo-nacional-de-cabo-verde","status":"publish","type":"post","link":"https:\/\/tva.cv\/index.php\/2025\/02\/18\/nova-sede-do-instituto-do-arquivo-nacional-de-cabo-verde\/","title":{"rendered":"Nova sede do Instituto do Arquivo Nacional de Cabo Verde"},"content":{"rendered":"<p><iframe width=\"560\" height=\"315\" src=\"https:\/\/www.youtube.com\/embed\/spY7SRUmI2g?si=PQSJra6NR8r9q68z\" title=\"YouTube video player\" frameborder=\"0\" allow=\"accelerometer; autoplay; clipboard-write; encrypted-media; gyroscope; picture-in-picture; web-share\" referrerpolicy=\"strict-origin-when-cross-origin\" allowfullscreen><\/iframe><br \/>\nO Instituto do Arquivo Nacional de Cabo Verde, apresentou hoje, o projeto de execu\u00e7\u00e3o da sua nova sede, uma infraestrutura que pretende responder aos desafios da institui\u00e7\u00e3o e garantir melhores condi\u00e7\u00f5es para a preserva\u00e7\u00e3o do patrim\u00f3nio documental do pa\u00eds.<\/p>\n","protected":false},"excerpt":{"rendered":"<p>O Instituto do Arquivo Nacional de Cabo Verde, apresentou hoje, o projeto de execu\u00e7\u00e3o da sua nova sede, uma infraestrutura que pretende responder aos desafios da institui\u00e7\u00e3o e garantir melhores condi\u00e7\u00f5es para a preserva\u00e7\u00e3o do patrim\u00f3nio documental do pa\u00eds.<\/p>\n","protected":false},"author":2,"featured_media":40240,"comment_status":"open","ping_status":"open","sticky":false,"template":"","format":"standard","meta":{"om_disable_all_campaigns":false,"_monsterinsights_skip_tracking":false,"_monsterinsights_sitenote_active":false,"_monsterinsights_sitenote_note":"","_monsterinsights_sitenote_category":0},"categories":[602],"tags":[586],"aioseo_notices":[],"_links":{"self":[{"href":"https:\/\/tva.cv\/index.php\/wp-json\/wp\/v2\/posts\/40239"}],"collection":[{"href":"https:\/\/tva.cv\/index.php\/wp-json\/wp\/v2\/posts"}],"about":[{"href":"https:\/\/tva.cv\/index.php\/wp-json\/wp\/v2\/types\/post"}],"author":[{"embeddable":true,"href":"https:\/\/tva.cv\/index.php\/wp-json\/wp\/v2\/users\/2"}],"replies":[{"embeddable":true,"href":"https:\/\/tva.cv\/index.php\/wp-json\/wp\/v2\/comments?post=40239"}],"version-history":[{"count":1,"href":"https:\/\/tva.cv\/index.php\/wp-json\/wp\/v2\/posts\/40239\/revisions"}],"predecessor-version":[{"id":40241,"href":"https:\/\/tva.cv\/index.php\/wp-json\/wp\/v2\/posts\/40239\/revisions\/40241"}],"wp:featuredmedia":[{"embeddable":true,"href":"https:\/\/tva.cv\/index.php\/wp-json\/wp\/v2\/media\/40240"}],"wp:attachment":[{"href":"https:\/\/tva.cv\/index.php\/wp-json\/wp\/v2\/media?parent=40239"}],"wp:term":[{"taxonomy":"category","embeddable":true,"href":"https:\/\/tva.cv\/index.php\/wp-json\/wp\/v2\/categories?post=40239"},{"taxonomy":"post_tag","embeddable":true,"href":"https:\/\/tva.cv\/index.php\/wp-json\/wp\/v2\/tags?post=40239"}],"curies":[{"name":"wp","href":"https:\/\/api.w.org\/{rel}","templated":true}]}}