{"id":40152,"date":"2025-02-11T09:51:47","date_gmt":"2025-02-11T10:51:47","guid":{"rendered":"https:\/\/tva.cv\/?p=40152"},"modified":"2025-02-11T09:51:47","modified_gmt":"2025-02-11T10:51:47","slug":"policia-nacional-reforcada-com-122-novos-agentes","status":"publish","type":"post","link":"https:\/\/tva.cv\/index.php\/2025\/02\/11\/policia-nacional-reforcada-com-122-novos-agentes\/","title":{"rendered":"Pol\u00edcia Nacional refor\u00e7ada com 122 novos agentes"},"content":{"rendered":"<p><iframe width=\"560\" height=\"315\" src=\"https:\/\/www.youtube.com\/embed\/jkfW2gGd4Cw?si=xfjIdw6pW567l2VB\" title=\"YouTube video player\" frameborder=\"0\" allow=\"accelerometer; autoplay; clipboard-write; encrypted-media; gyroscope; picture-in-picture; web-share\" referrerpolicy=\"strict-origin-when-cross-origin\" allowfullscreen><\/iframe><br \/>\nA Pol\u00edcia Nacional conta com 122 novos agentes, entre os quais 37 mulheres e 85 homens, formados no 13.\u00ba Curso de Forma\u00e7\u00e3o Inicial de Agentes da Segunda Classe. A cerim\u00f3nia de encerramento ocorreu esta segunda-feira, no Quartel Escola, na Cidade da Praia, e foi presidida pelo ministro da Administra\u00e7\u00e3o Interna, Paulo Rocha.<\/p>\n","protected":false},"excerpt":{"rendered":"<p>A Pol\u00edcia Nacional conta com 122 novos agentes, entre os quais 37 mulheres e 85 homens, formados no 13.\u00ba Curso de Forma\u00e7\u00e3o Inicial de Agentes da Segunda Classe. A cerim\u00f3nia de encerramento ocorreu esta segunda-feira, no Quartel Escola, na Cidade da Praia, e foi presidida pelo ministro da Administra\u00e7\u00e3o Interna, Paulo Rocha.<\/p>\n","protected":false},"author":2,"featured_media":40153,"comment_status":"open","ping_status":"open","sticky":false,"template":"","format":"standard","meta":{"om_disable_all_campaigns":false,"_monsterinsights_skip_tracking":false,"_monsterinsights_sitenote_active":false,"_monsterinsights_sitenote_note":"","_monsterinsights_sitenote_category":0},"categories":[597],"tags":[586],"aioseo_notices":[],"_links":{"self":[{"href":"https:\/\/tva.cv\/index.php\/wp-json\/wp\/v2\/posts\/40152"}],"collection":[{"href":"https:\/\/tva.cv\/index.php\/wp-json\/wp\/v2\/posts"}],"about":[{"href":"https:\/\/tva.cv\/index.php\/wp-json\/wp\/v2\/types\/post"}],"author":[{"embeddable":true,"href":"https:\/\/tva.cv\/index.php\/wp-json\/wp\/v2\/users\/2"}],"replies":[{"embeddable":true,"href":"https:\/\/tva.cv\/index.php\/wp-json\/wp\/v2\/comments?post=40152"}],"version-history":[{"count":1,"href":"https:\/\/tva.cv\/index.php\/wp-json\/wp\/v2\/posts\/40152\/revisions"}],"predecessor-version":[{"id":40154,"href":"https:\/\/tva.cv\/index.php\/wp-json\/wp\/v2\/posts\/40152\/revisions\/40154"}],"wp:featuredmedia":[{"embeddable":true,"href":"https:\/\/tva.cv\/index.php\/wp-json\/wp\/v2\/media\/40153"}],"wp:attachment":[{"href":"https:\/\/tva.cv\/index.php\/wp-json\/wp\/v2\/media?parent=40152"}],"wp:term":[{"taxonomy":"category","embeddable":true,"href":"https:\/\/tva.cv\/index.php\/wp-json\/wp\/v2\/categories?post=40152"},{"taxonomy":"post_tag","embeddable":true,"href":"https:\/\/tva.cv\/index.php\/wp-json\/wp\/v2\/tags?post=40152"}],"curies":[{"name":"wp","href":"https:\/\/api.w.org\/{rel}","templated":true}]}}