{"id":40141,"date":"2025-02-07T17:23:31","date_gmt":"2025-02-07T18:23:31","guid":{"rendered":"https:\/\/tva.cv\/?p=40141"},"modified":"2025-02-07T17:23:31","modified_gmt":"2025-02-07T18:23:31","slug":"opiniao-publica-sobre-a-remodelacao-governamental","status":"publish","type":"post","link":"https:\/\/tva.cv\/index.php\/2025\/02\/07\/opiniao-publica-sobre-a-remodelacao-governamental\/","title":{"rendered":"Opini\u00e3o p\u00fablica sobre a Remodela\u00e7ao Governamental"},"content":{"rendered":"<p><iframe width=\"560\" height=\"315\" src=\"https:\/\/www.youtube.com\/embed\/TO79V9gMkc8?si=XsuhcbeVbWVQyhYw\" title=\"YouTube video player\" frameborder=\"0\" allow=\"accelerometer; autoplay; clipboard-write; encrypted-media; gyroscope; picture-in-picture; web-share\" referrerpolicy=\"strict-origin-when-cross-origin\" allowfullscreen><\/iframe><br \/>\nA TVA saiu \u00e0 rua para ouvir a opini\u00e3o dos cabo-verdianos sobre a remodela\u00e7\u00e3o governamental anunciada pelo primeiro-ministro, Ulisses Correia e Silva, esta segunda-feira. Muitos cidad\u00e3os evitaram pronunciar-se sobre o assunto, justificando o seu desinteresse por quest\u00f5es pol\u00edticas. No<br \/>\nentanto, entre os entrevistados pela nossa equipa de reportagem, as opini\u00f5es foram divergentes: enquanto alguns manifestaram apoio \u00e0s mudan\u00e7as, outros mostraram-se contra a remodela\u00e7\u00e3o.<\/p>\n","protected":false},"excerpt":{"rendered":"<p>A TVA saiu \u00e0 rua para ouvir a opini\u00e3o dos cabo-verdianos sobre a remodela\u00e7\u00e3o governamental anunciada pelo primeiro-ministro, Ulisses Correia e Silva, esta segunda-feira. Muitos cidad\u00e3os evitaram pronunciar-se sobre o assunto, justificando o seu desinteresse por quest\u00f5es pol\u00edticas. No entanto, entre os entrevistados pela nossa equipa de reportagem, as opini\u00f5es foram divergentes: enquanto alguns manifestaram apoio \u00e0s mudan\u00e7as, outros mostraram-se contra a remodela\u00e7\u00e3o.<\/p>\n","protected":false},"author":2,"featured_media":39976,"comment_status":"open","ping_status":"open","sticky":false,"template":"","format":"standard","meta":{"om_disable_all_campaigns":false,"_monsterinsights_skip_tracking":false,"_monsterinsights_sitenote_active":false,"_monsterinsights_sitenote_note":"","_monsterinsights_sitenote_category":0},"categories":[602],"tags":[586],"aioseo_notices":[],"_links":{"self":[{"href":"https:\/\/tva.cv\/index.php\/wp-json\/wp\/v2\/posts\/40141"}],"collection":[{"href":"https:\/\/tva.cv\/index.php\/wp-json\/wp\/v2\/posts"}],"about":[{"href":"https:\/\/tva.cv\/index.php\/wp-json\/wp\/v2\/types\/post"}],"author":[{"embeddable":true,"href":"https:\/\/tva.cv\/index.php\/wp-json\/wp\/v2\/users\/2"}],"replies":[{"embeddable":true,"href":"https:\/\/tva.cv\/index.php\/wp-json\/wp\/v2\/comments?post=40141"}],"version-history":[{"count":1,"href":"https:\/\/tva.cv\/index.php\/wp-json\/wp\/v2\/posts\/40141\/revisions"}],"predecessor-version":[{"id":40142,"href":"https:\/\/tva.cv\/index.php\/wp-json\/wp\/v2\/posts\/40141\/revisions\/40142"}],"wp:featuredmedia":[{"embeddable":true,"href":"https:\/\/tva.cv\/index.php\/wp-json\/wp\/v2\/media\/39976"}],"wp:attachment":[{"href":"https:\/\/tva.cv\/index.php\/wp-json\/wp\/v2\/media?parent=40141"}],"wp:term":[{"taxonomy":"category","embeddable":true,"href":"https:\/\/tva.cv\/index.php\/wp-json\/wp\/v2\/categories?post=40141"},{"taxonomy":"post_tag","embeddable":true,"href":"https:\/\/tva.cv\/index.php\/wp-json\/wp\/v2\/tags?post=40141"}],"curies":[{"name":"wp","href":"https:\/\/api.w.org\/{rel}","templated":true}]}}